{"id":29156,"date":"2019-04-21T14:03:00","date_gmt":"2019-04-21T18:03:00","guid":{"rendered":"https:\/\/linitiative.ca\/International\/ammi-moussa-relizane-des-jeunes-reclament-des-postes-demploi\/"},"modified":"2019-04-21T14:03:00","modified_gmt":"2019-04-21T18:03:00","slug":"ammi-moussa-relizane-des-jeunes-reclament-des-postes-demploi","status":"publish","type":"post","link":"https:\/\/linitiative.ca\/International\/ammi-moussa-relizane-des-jeunes-reclament-des-postes-demploi\/","title":{"rendered":"AMMI MOUSSA (RELIZANE) : Des jeunes r\u00e9clament  des postes d&#8217;emploi"},"content":{"rendered":"<p><br id=\"sep_para_1\" class=\"sep_para access\"\/><\/p>\n<div id=\"para_1\" class=\"para_30526239 resize\">\n<div class=\"texte access firstletter\">Des jeunes recrut\u00e9s dans le cadre du dispositif d&rsquo;aide \u00e0 l&rsquo;insertion professionnelle (DAIP) dans diff\u00e9rents services de la mairie d&rsquo;Ammi Moussa \u00e0 l&rsquo;extr\u00eame sud-est de la wilaya de Relizane sont mont\u00e9s au cr\u00e9neau pour demander leur r\u00e9int\u00e9gration pure\u00a0 et simple dans leurs postes. Remerci\u00e9s il y a deux ans de cela, ces jeunes sont revenus \u00e0 la charge pour r\u00e9clamer leur droit au travail et appellent les autorit\u00e9s de la wilaya d&rsquo;intervenir afin de retrouver leurs postes qu&rsquo;ils ont occup\u00e9s comme agents d&rsquo;administration, gardiens dans les \u00e9tablissements scolaires, \u00e9boueurs ou encore jardiniers. \u00ab\u00a0Nous demandons d&rsquo;\u00eatre r\u00e9tablis dans nos droits\u00a0 d&rsquo;autant plus que nous avons occup\u00e9 ces postes depuis 2010 avant d&rsquo;\u00eatre mis \u00e0 la porte en 2017\u00a0\u00bb, ont tonn\u00e9 certains d&rsquo;entre-deux. \u00ab\u00a0Nous \u00e9tions satisfaits et tr\u00e8s contents par notre recrutement en d\u00e9pit de la faible r\u00e9mun\u00e9ration mensuelle de 5.000 DA que nous encaissions et puis ils nous ont mis dehors\u00a0\u00bb, expliquent-ils encore. La patience et l&rsquo;espoir de ces travailleurs ont \u00e9t\u00e9 sap\u00e9s par la d\u00e9cision des pouvoirs comp\u00e9tents qui ont d\u00e9cid\u00e9 de se s\u00e9parer de ces jeunes qui commen\u00e7aient par acqu\u00e9rir de l&rsquo;exp\u00e9rience chacun dans son poste et leur apport pour cette institution de l&rsquo;Etat \u00e9tait b\u00e9n\u00e9fique. \u00ab\u00a0Nous avons subi un \u00e9norme pr\u00e9judice car il y a parmi nous des chefs de familles qui se nourrissaient de ce salaire quoique d\u00e9risoire\u00a0\u00bb, a temp\u00eat\u00e9 un jeune \u00e0 bout de nerfs. Les autorit\u00e9s de la wilaya \u00e0 leur Mme le wali sont fortement interpell\u00e9es pour r\u00e9parer le dommage et proc\u00e9der \u00e0 leur r\u00e9int\u00e9gration.\u00a0\u00a0\u00a0\u00a0\u00a0\u00a0<\/div>\n<\/div>\n<p>Auteur: M.Mustapha<br \/>\n<a href=\"https:\/\/www.reflexiondz.net\/AMMI-MOUSSA-RELIZANE-Des-jeunes-reclament-des-postes-d-emploi_a55482.html\">Cliquez ici pour lire l&rsquo;article depuis sa source.<\/a><\/p>\n","protected":false},"excerpt":{"rendered":"<p>Des jeunes recrut\u00e9s dans le cadre du dispositif d&rsquo;aide \u00e0 l&rsquo;insertion professionnelle (DAIP) dans diff\u00e9rents services de la mairie d&rsquo;Ammi Moussa \u00e0 l&rsquo;extr\u00eame sud-est de la wilaya de Relizane sont mont\u00e9s au cr\u00e9neau pour demander leur r\u00e9int\u00e9gration pure\u00a0 et simple dans leurs postes. Remerci\u00e9s il y a deux ans de cela, ces jeunes sont revenus [&hellip;]<\/p>\n","protected":false},"author":1740,"featured_media":0,"comment_status":"closed","ping_status":"closed","sticky":false,"template":"","format":"standard","meta":{"fifu_image_url":"","fifu_image_alt":"","footnotes":""},"categories":[53,76],"tags":[],"class_list":["post-29156","post","type-post","status-publish","format-standard","hentry","category-algerie","category-regions"],"_links":{"self":[{"href":"https:\/\/linitiative.ca\/International\/wp-json\/wp\/v2\/posts\/29156","targetHints":{"allow":["GET"]}}],"collection":[{"href":"https:\/\/linitiative.ca\/International\/wp-json\/wp\/v2\/posts"}],"about":[{"href":"https:\/\/linitiative.ca\/International\/wp-json\/wp\/v2\/types\/post"}],"author":[{"embeddable":true,"href":"https:\/\/linitiative.ca\/International\/wp-json\/wp\/v2\/users\/1740"}],"replies":[{"embeddable":true,"href":"https:\/\/linitiative.ca\/International\/wp-json\/wp\/v2\/comments?post=29156"}],"version-history":[{"count":0,"href":"https:\/\/linitiative.ca\/International\/wp-json\/wp\/v2\/posts\/29156\/revisions"}],"wp:attachment":[{"href":"https:\/\/linitiative.ca\/International\/wp-json\/wp\/v2\/media?parent=29156"}],"wp:term":[{"taxonomy":"category","embeddable":true,"href":"https:\/\/linitiative.ca\/International\/wp-json\/wp\/v2\/categories?post=29156"},{"taxonomy":"post_tag","embeddable":true,"href":"https:\/\/linitiative.ca\/International\/wp-json\/wp\/v2\/tags?post=29156"}],"curies":[{"name":"wp","href":"https:\/\/api.w.org\/{rel}","templated":true}]}}