{"id":29157,"date":"2019-04-21T14:10:00","date_gmt":"2019-04-21T18:10:00","guid":{"rendered":"https:\/\/linitiative.ca\/International\/credits-bancaires-sans-garanties-ait-larbi-pointe-du-doigt-les-directeurs-de-banque\/"},"modified":"2019-04-21T14:10:00","modified_gmt":"2019-04-21T18:10:00","slug":"credits-bancaires-sans-garanties-ait-larbi-pointe-du-doigt-les-directeurs-de-banque","status":"publish","type":"post","link":"https:\/\/linitiative.ca\/International\/credits-bancaires-sans-garanties-ait-larbi-pointe-du-doigt-les-directeurs-de-banque\/","title":{"rendered":"CREDITS BANCAIRES SANS GARANTIES : Ait Larbi pointe du doigt les directeurs de banque"},"content":{"rendered":"<p><br id=\"sep_para_1\" class=\"sep_para access\"\/><\/p>\n<div id=\"para_1\" class=\"para_30526296 resize\">\n<div class=\"texte access firstletter\">L&rsquo;avocat et militant de d\u00e9fense des droits de l&rsquo;homme, Mokrane Ait Larbi a adress\u00e9, ce dimanche, un message aux directeurs des banques dans lequel il leur demande de rendre publique la liste des personnes parmi la \u00ab\u00a0mafia politico-financi\u00e8re\u00a0\u00bb qui ont b\u00e9n\u00e9fici\u00e9 \u00ab\u00a0ind\u00fbment des\u00a0 pr\u00eats astronomiques\u00a0\u00bb. \u00ab\u00a0Vous \u00eates parfaitement au courant des pr\u00eats astronomiques ind\u00fbment accord\u00e9s aux membres de la mafia politico-financi\u00e8re. Vous d\u00e9tenez des preuves \u00e9crites, aussi bien sur l\u2019identit\u00e9 de ces personnes, que de ceux qui ont transf\u00e9r\u00e9 de la devise \u00e0 l\u2019\u00e9tranger\u00a0\u00bb \u00e9crit Ait Larbi sur son compte Facebook.\u00a0 \u00ab\u00a0Le devoir vous impose aujourd\u2019hui de publier les listes de ces personnes. Si vous ne le faites pas, vous serez poursuivis en tant que complices de d\u00e9tournement de deniers publics, conform\u00e9ment \u00e0 la loi qui sera appliqu\u00e9e t\u00f4t ou tard.Faits-le vite. Demain, il sera trop tard\u00a0\u00bb, avertit-t-il\u00a0\u00a0\u00a0\u00a0\u00a0\u00a0\u00a0\u00a0\u00a0\u00a0\u00a0\u00a0\u00a0<\/div>\n<\/div>\n<p>Auteur: Nadine<br \/>\n<a href=\"https:\/\/www.reflexiondz.net\/CREDITS-BANCAIRES-SANS-GARANTIES-Ait-Larbi-pointe-du-doigt-les-directeurs-de-banque_a55492.html\">Cliquez ici pour lire l&rsquo;article depuis sa source.<\/a><\/p>\n","protected":false},"excerpt":{"rendered":"<p>L&rsquo;avocat et militant de d\u00e9fense des droits de l&rsquo;homme, Mokrane Ait Larbi a adress\u00e9, ce dimanche, un message aux directeurs des banques dans lequel il leur demande de rendre publique la liste des personnes parmi la \u00ab\u00a0mafia politico-financi\u00e8re\u00a0\u00bb qui ont b\u00e9n\u00e9fici\u00e9 \u00ab\u00a0ind\u00fbment des\u00a0 pr\u00eats astronomiques\u00a0\u00bb. \u00ab\u00a0Vous \u00eates parfaitement au courant des pr\u00eats astronomiques ind\u00fbment accord\u00e9s [&hellip;]<\/p>\n","protected":false},"author":1740,"featured_media":0,"comment_status":"closed","ping_status":"closed","sticky":false,"template":"","format":"standard","meta":{"fifu_image_url":"","fifu_image_alt":"","footnotes":""},"categories":[53,76],"tags":[],"class_list":["post-29157","post","type-post","status-publish","format-standard","hentry","category-algerie","category-regions"],"_links":{"self":[{"href":"https:\/\/linitiative.ca\/International\/wp-json\/wp\/v2\/posts\/29157","targetHints":{"allow":["GET"]}}],"collection":[{"href":"https:\/\/linitiative.ca\/International\/wp-json\/wp\/v2\/posts"}],"about":[{"href":"https:\/\/linitiative.ca\/International\/wp-json\/wp\/v2\/types\/post"}],"author":[{"embeddable":true,"href":"https:\/\/linitiative.ca\/International\/wp-json\/wp\/v2\/users\/1740"}],"replies":[{"embeddable":true,"href":"https:\/\/linitiative.ca\/International\/wp-json\/wp\/v2\/comments?post=29157"}],"version-history":[{"count":0,"href":"https:\/\/linitiative.ca\/International\/wp-json\/wp\/v2\/posts\/29157\/revisions"}],"wp:attachment":[{"href":"https:\/\/linitiative.ca\/International\/wp-json\/wp\/v2\/media?parent=29157"}],"wp:term":[{"taxonomy":"category","embeddable":true,"href":"https:\/\/linitiative.ca\/International\/wp-json\/wp\/v2\/categories?post=29157"},{"taxonomy":"post_tag","embeddable":true,"href":"https:\/\/linitiative.ca\/International\/wp-json\/wp\/v2\/tags?post=29157"}],"curies":[{"name":"wp","href":"https:\/\/api.w.org\/{rel}","templated":true}]}}