{"id":29158,"date":"2019-04-21T14:10:00","date_gmt":"2019-04-21T18:10:00","guid":{"rendered":"https:\/\/linitiative.ca\/International\/mission-impossible-pour-bensalah\/"},"modified":"2019-04-21T14:10:00","modified_gmt":"2019-04-21T18:10:00","slug":"mission-impossible-pour-bensalah","status":"publish","type":"post","link":"https:\/\/linitiative.ca\/International\/mission-impossible-pour-bensalah\/","title":{"rendered":"Mission impossible pour Bensalah?"},"content":{"rendered":"<p><br id=\"sep_para_1\" class=\"sep_para access\"\/><\/p>\n<div id=\"para_1\" class=\"para_30526291 resize\">\n<div class=\"texte access firstletter\">Une consultation contest\u00e9e et boycott\u00e9e par la classe politique risque de tourner au monologue entre le pouvoir et sa client\u00e8le. En insistant sur le d\u00e9part des 2B (Bedoui et Bensalah), le hirak aura inflig\u00e9 un niet cat\u00e9gorique au maintien du chef de l\u2019Etat int\u00e9rimaire en poste. Que dire alors de ses consultations ! Avec qui Abdelkader Bensalah compte-t-il se concerter aujourd\u2019hui? Partant de ce petit \u00e9chantillon de la sc\u00e8ne nationale, se d\u00e9gage un rejet g\u00e9n\u00e9ralis\u00e9 des consultations du chef de l\u2019Etat qui veut co\u00fbte que co\u00fbte faire passer sa feuille de route de constituer une instance de gestion des \u00e9lections et aller vers des pr\u00e9sidentielles le 4 juillet. Ignorant les appels du hirak qui revendique sa d\u00e9mission, Abdelkader Bensalah, a outre le rejet de la classe politique, eu le verdict de la rue, ce vendredi 19 avril. Avec qui, finalement, Abdelkader Bensalah va-t-il se r\u00e9unir aujourd\u2019hui, face \u00e0 un d\u00e9saveu massif et d\u00e9cisif de la classe politique repr\u00e9sentative ? La question vaut d\u2019\u00eatre pos\u00e9e quand on entend les r\u00e9ponses n\u00e9gatives\u00a0 de nombreux partis.\u00a0 A l\u2019exception de trois personnalit\u00e9s (Abdelaziz Ziari, Miloud Brahimi et Abdelaziz Belaid) re\u00e7ues \u00e0 la pr\u00e9sidence par Abdelkader Bensalah, ce dernier risque de se retrouver en panne d\u2019interlocuteurs. Les partis politiques de l\u2019opposition ne comptent pas participer \u00e0 la rencontre d\u2019un chef de l\u2019Etat contest\u00e9. M\u00eame le FNA de Moussa Touati, a rejet\u00e9 la d\u00e9marche de Bensalah : \u00ab une id\u00e9e sans contenu \u00bb, a-t-il critiqu\u00e9. Au sein de la soci\u00e9t\u00e9 civile, la LADDH (Aile Benissad) a d\u00e9nonc\u00e9 une rencontre qui \u00ab tourne le dos aux revendications populaires \u00bb, estimant que le chef de l\u2019Etat \u00ab n\u2019a aucune l\u00e9gitimit\u00e9 \u00e0 mener des consultations ou un dialogue avec les acteurs repr\u00e9sentatifs de la soci\u00e9t\u00e9 \u00bb.\u00a0 M\u00eame sur plusieurs vid\u00e9os et commentaires publi\u00e9s sur les r\u00e9seaux sociaux, les Alg\u00e9riens expriment d\u2019ores et d\u00e9j\u00e0 leur sentiment de ceux qui accepteraient d\u2019aller rencontrer le chef de l\u2019Etat. \u00ab Tous ceux qui iront pour discuter avec Bensalah ne nous repr\u00e9sentent pas \u00bb, crient d\u2019une seule voix les comptes facebook. Dire que la consultation du Chef de l\u2019Etat \u00e0 l\u2019air d\u2019un match perdu \u00e0 l\u2019avance.<\/div>\n<\/div>\n<p>Auteur: Amina L.<br \/>\n<a href=\"https:\/\/www.reflexiondz.net\/Mission-impossible-pour-Bensalah_a55491.html\">Cliquez ici pour lire l&rsquo;article depuis sa source.<\/a><\/p>\n","protected":false},"excerpt":{"rendered":"<p>Une consultation contest\u00e9e et boycott\u00e9e par la classe politique risque de tourner au monologue entre le pouvoir et sa client\u00e8le. En insistant sur le d\u00e9part des 2B (Bedoui et Bensalah), le hirak aura inflig\u00e9 un niet cat\u00e9gorique au maintien du chef de l\u2019Etat int\u00e9rimaire en poste. Que dire alors de ses consultations ! Avec qui [&hellip;]<\/p>\n","protected":false},"author":1740,"featured_media":0,"comment_status":"closed","ping_status":"closed","sticky":false,"template":"","format":"standard","meta":{"fifu_image_url":"","fifu_image_alt":"","footnotes":""},"categories":[53,76],"tags":[],"class_list":["post-29158","post","type-post","status-publish","format-standard","hentry","category-algerie","category-regions"],"_links":{"self":[{"href":"https:\/\/linitiative.ca\/International\/wp-json\/wp\/v2\/posts\/29158","targetHints":{"allow":["GET"]}}],"collection":[{"href":"https:\/\/linitiative.ca\/International\/wp-json\/wp\/v2\/posts"}],"about":[{"href":"https:\/\/linitiative.ca\/International\/wp-json\/wp\/v2\/types\/post"}],"author":[{"embeddable":true,"href":"https:\/\/linitiative.ca\/International\/wp-json\/wp\/v2\/users\/1740"}],"replies":[{"embeddable":true,"href":"https:\/\/linitiative.ca\/International\/wp-json\/wp\/v2\/comments?post=29158"}],"version-history":[{"count":0,"href":"https:\/\/linitiative.ca\/International\/wp-json\/wp\/v2\/posts\/29158\/revisions"}],"wp:attachment":[{"href":"https:\/\/linitiative.ca\/International\/wp-json\/wp\/v2\/media?parent=29158"}],"wp:term":[{"taxonomy":"category","embeddable":true,"href":"https:\/\/linitiative.ca\/International\/wp-json\/wp\/v2\/categories?post=29158"},{"taxonomy":"post_tag","embeddable":true,"href":"https:\/\/linitiative.ca\/International\/wp-json\/wp\/v2\/tags?post=29158"}],"curies":[{"name":"wp","href":"https:\/\/api.w.org\/{rel}","templated":true}]}}