{"id":29160,"date":"2019-04-21T14:16:00","date_gmt":"2019-04-21T18:16:00","guid":{"rendered":"https:\/\/linitiative.ca\/International\/appel-a-la-liberation-de-haddad\/"},"modified":"2019-04-21T14:16:00","modified_gmt":"2019-04-21T18:16:00","slug":"appel-a-la-liberation-de-haddad","status":"publish","type":"post","link":"https:\/\/linitiative.ca\/International\/appel-a-la-liberation-de-haddad\/","title":{"rendered":"Appel \u00e0 la lib\u00e9ration de Haddad"},"content":{"rendered":"<p><br id=\"sep_para_1\" class=\"sep_para access\"\/><\/p>\n<div id=\"para_1\" class=\"para_30526352 resize\">\n<div class=\"texte access firstletter\">Des manifestants ont brandi, lors des marches c\u00e9l\u00e9brant le Printemps berb\u00e8re, des banderoles sur lesquelles \u00e9taient inscrits des messages appelant \u00e0 la lib\u00e9ration du patron de l\u2019ETRHB, Ali Haddad. \u00abJugez tout le monde, lib\u00e9rez Ali Haddad !\u00bb, \u00abOui pour une justice pour tous, lib\u00e9rez Ali Haddad !\u00bb, lit-on sur des \u00e9criteaux \u00e9crits en tamazight et en fran\u00e7ais, port\u00e9s par des citoyens ou accroch\u00e9s. L\u2019ancien pr\u00e9sident du Forum des chefs d\u2019entreprise (FCE) est le seul homme d\u2019affaires \u00e0 avoir \u00e9t\u00e9 incarc\u00e9r\u00e9 dans le cadre de l\u2019enqu\u00eate sur la dilapidation des deniers publics et les passe-droits dans l\u2019obtention des march\u00e9s. Plusieurs autres investisseurs sont interdits de quitter le territoire national apr\u00e8s que le chef d\u2019\u00e9tat-major de l\u2019ANP, le g\u00e9n\u00e9ral Ahmed Ga\u00efd-Salah, a instruit la justice de traiter les affaires de la corruption imm\u00e9diatement et de rouvrir les anciens dossiers de Khalifa, Sonatrach et de l\u2019autoroute Est-Ouest.<\/div>\n<\/div>\n<p>Auteur: R\u00e9flexion<br \/>\n<a href=\"https:\/\/www.reflexiondz.net\/Appel-a-la-liberation-de-Haddad_a55494.html\">Cliquez ici pour lire l&rsquo;article depuis sa source.<\/a><\/p>\n","protected":false},"excerpt":{"rendered":"<p>Des manifestants ont brandi, lors des marches c\u00e9l\u00e9brant le Printemps berb\u00e8re, des banderoles sur lesquelles \u00e9taient inscrits des messages appelant \u00e0 la lib\u00e9ration du patron de l\u2019ETRHB, Ali Haddad. \u00abJugez tout le monde, lib\u00e9rez Ali Haddad !\u00bb, \u00abOui pour une justice pour tous, lib\u00e9rez Ali Haddad !\u00bb, lit-on sur des \u00e9criteaux \u00e9crits en tamazight et [&hellip;]<\/p>\n","protected":false},"author":1740,"featured_media":0,"comment_status":"closed","ping_status":"closed","sticky":false,"template":"","format":"standard","meta":{"fifu_image_url":"","fifu_image_alt":"","footnotes":""},"categories":[53,76],"tags":[],"class_list":["post-29160","post","type-post","status-publish","format-standard","hentry","category-algerie","category-regions"],"_links":{"self":[{"href":"https:\/\/linitiative.ca\/International\/wp-json\/wp\/v2\/posts\/29160","targetHints":{"allow":["GET"]}}],"collection":[{"href":"https:\/\/linitiative.ca\/International\/wp-json\/wp\/v2\/posts"}],"about":[{"href":"https:\/\/linitiative.ca\/International\/wp-json\/wp\/v2\/types\/post"}],"author":[{"embeddable":true,"href":"https:\/\/linitiative.ca\/International\/wp-json\/wp\/v2\/users\/1740"}],"replies":[{"embeddable":true,"href":"https:\/\/linitiative.ca\/International\/wp-json\/wp\/v2\/comments?post=29160"}],"version-history":[{"count":0,"href":"https:\/\/linitiative.ca\/International\/wp-json\/wp\/v2\/posts\/29160\/revisions"}],"wp:attachment":[{"href":"https:\/\/linitiative.ca\/International\/wp-json\/wp\/v2\/media?parent=29160"}],"wp:term":[{"taxonomy":"category","embeddable":true,"href":"https:\/\/linitiative.ca\/International\/wp-json\/wp\/v2\/categories?post=29160"},{"taxonomy":"post_tag","embeddable":true,"href":"https:\/\/linitiative.ca\/International\/wp-json\/wp\/v2\/tags?post=29160"}],"curies":[{"name":"wp","href":"https:\/\/api.w.org\/{rel}","templated":true}]}}