{"id":29162,"date":"2019-04-21T05:15:20","date_gmt":"2019-04-21T09:15:20","guid":{"rendered":"https:\/\/linitiative.ca\/International\/tizi-ouzou-une-marche-dans-la-diversite\/"},"modified":"2019-04-21T05:15:20","modified_gmt":"2019-04-21T09:15:20","slug":"tizi-ouzou-une-marche-dans-la-diversite","status":"publish","type":"post","link":"https:\/\/linitiative.ca\/International\/tizi-ouzou-une-marche-dans-la-diversite\/","title":{"rendered":"Tizi Ouzou : une marche dans la diversit\u00e9"},"content":{"rendered":"<h4 class=\"title-14\"\/>\n<p>La rue a vibr\u00e9, hier aussi, \u00e0 Tizi Ouzou, \u00e0 l\u2019occasion d\u2019une grandiose marche organis\u00e9e pour marquer le 39e anniversaire du Printemps amazigh.<\/p>\n<p>Des dizaines de milliers de personnes ont ainsi battu le pav\u00e9 dans les rues principales de la capitale du Djurdjura. Dans la diversit\u00e9 et dans le calme, les manifestants ont investi la ville des Gen\u00eats. 10h, des grappes de gens, brandissant, pour la plupart, le drapeau du MAK et \u00a0le portrait de Ferhat Mhenni, commen\u00e7aient \u00e0 affluer vers le lieu de d\u00e9part de la marche, devant le portail principal du campus universitaire de Hasnaoua, au moment o\u00f9 une dizaine de v\u00e9hicules de la BMPJ et de la BRI \u00e9taient stationn\u00e9s non loin de la foule pour, sans doute, emp\u00eacher la marche.<\/p>\n<p>Toutefois, d\u2019autres marcheurs brandissant le drapeau amazigh et l\u2019embl\u00e8me national avaient commenc\u00e9 \u00e0 constituer des carr\u00e9s sur la mont\u00e9e du stade de 1er Novembre, histoire de dissuader le dispositif des \u00e9l\u00e9ments de la police, qui a fini par \u00eatre lev\u00e9 et permettre \u00e0 tous les marcheurs, y compris ceux du MAK, de battre le pav\u00e9 sans le moindre accroc.<\/p>\n<p>Ainsi, au fur et \u00e0 mesure que la foule avan\u00e7ait, d\u2019autres citoyens rejoignaient les carr\u00e9s. Les mots d\u2019ordre transcrits sur les pancartes et les banderoles sont divers. \u00abPour une Alg\u00e9rie meilleure et une d\u00e9mocratie majeure\u00bb, \u00abSyst\u00e8me d\u00e9gage\u00bb, \u00abPour une Kabylie ind\u00e9pendante\u00bb et \u00abGloire aux martyrs de la R\u00e9volution et ceux de la d\u00e9mocratie\u00bb, lit-on sur des banderoles brandies par des manifestants qui scandaient, \u00e0 gorge d\u00e9ploy\u00e9e, entre autres, \u00abPouvoir assassin\u00bb et \u00abImazighen\u00bb.<\/p>\n<p>Dans la foule, nous avons remarqu\u00e9 la pr\u00e9sence d\u2019anciens animateurs du MCB, \u00e0 l\u2019image de Hend Sadi, Mouloud Lounaouci, Mokrane A\u00eft Larbi et Arav Aknine, au milieu de jeunes militants. Les martyrs du Printemps noir n\u2019ont pas \u00e9t\u00e9 oubli\u00e9s, puisque leurs portraits \u00e9taient exhib\u00e9s par plusieurs manifestants. Des membres des familles des victimes des \u00e9v\u00e9nements de Kabylie de 2001 \u00e9taient \u00e9galement pr\u00e9sents dans la marche.<\/p>\n<p>Des moments tr\u00e8s \u00e9mouvants. \u00abPour que nul n\u2019oublie les martyrs du Printemps noir\u00bb, lit-on sur une banderole noire. Des portraits g\u00e9ants de Matoub Loun\u00e8s \u00e9taient aussi brandis durant la marche en hommage \u00e0 ce chantre assassin\u00e9. La veuve du Rebelle, Nadia, a pris \u00e9galement part, hier, \u00e0 la manifestation de la c\u00e9l\u00e9bration du 20 Avril dans la ville de Tizi Ouzou, qui a \u00e9t\u00e9 le th\u00e9\u00e2tre d\u2019une imposante action de rue \u00e0 l\u2019occasion du 39e anniversaire du Printemps amazigh.<\/p>\n<p>Les marcheurs ont poursuivi leur parcours jusqu\u2019au carrefour Matoub Loun\u00e8s, devant le m\u00e9morial des martyrs de la R\u00e9volution et en face de l\u2019ancienne gare routi\u00e8re, et ce, avant de se disperser dans le calme et sans le moindre incident.<\/p>\n<div class=\"yuzo_related_post style-1\" data-version=\"5.12.88\">\n<p><h3>Related Post<\/h3>\n<\/p>\n<div class=\"yuzo_wraps\">\n<div class=\"relatedthumb relatedpost-358645 c11\"><a href=\"https:\/\/www.elwatan.com\/regions\/ouest\/tiaret\/tiaret-un-eleve-hospitalise-apres-avoir-ete-agresse-par-son-enseignante-19-12-2018\"\/><\/p>\n<p><span class=\"yuzo__text--title c10\">Tiaret : Un \u00e9l\u00e8ve hospitalis\u00e9 apr\u00e8s avoir \u00e9t\u00e9 agre&#8230;<\/span><\/div>\n<div class=\"relatedthumb relatedpost-374129 c11\"><a href=\"https:\/\/www.elwatan.com\/regions\/centre\/alger\/troncon-hamiz-lartisanat-une-congestion-dementielle-24-12-2018\"\/><\/p>\n<p><span class=\"yuzo__text--title c10\">Tron\u00e7on Hamiz- l\u2019Artisanat :\u00a0Une congestion d\u00e9ment&#8230;<\/span><\/div>\n<div class=\"relatedthumb relatedpost-555452 c11\"><a href=\"https:\/\/www.elwatan.com\/edition\/international\/leningrad-la-russie-celebre-les-75-ans-de-la-fin-du-siege-28-01-2019\"\/><\/p>\n<p><span class=\"yuzo__text--title c10\">L\u00e9ningrad : La Russie c\u00e9l\u00e8bre les 75 ans de la fin&#8230;<\/span><\/div>\n<\/div>\n<\/div>\n<p><span class=\"post-views-label\">Post Views:<\/span> <span class=\"post-views-count\">632<\/span><\/p>\n<p>Auteur: Hicham Chouadria<br \/>\n<a href=\"https:\/\/www.elwatan.com\/edition\/actualite\/tizi-ouzou-une-marche-dans-la-diversite-21-04-2019\">Cliquez ici pour lire l&rsquo;article depuis sa source.<\/a><\/p>\n","protected":false},"excerpt":{"rendered":"<p>La rue a vibr\u00e9, hier aussi, \u00e0 Tizi Ouzou, \u00e0 l\u2019occasion d\u2019une grandiose marche organis\u00e9e pour marquer le 39e anniversaire du Printemps amazigh. Des dizaines de milliers de personnes ont ainsi battu le pav\u00e9 dans les rues principales de la capitale du Djurdjura. Dans la diversit\u00e9 et dans le calme, les manifestants ont investi la [&hellip;]<\/p>\n","protected":false},"author":1743,"featured_media":0,"comment_status":"closed","ping_status":"closed","sticky":false,"template":"","format":"standard","meta":{"fifu_image_url":"","fifu_image_alt":"","footnotes":""},"categories":[73,53],"tags":[],"class_list":["post-29162","post","type-post","status-publish","format-standard","hentry","category-actualite","category-algerie"],"_links":{"self":[{"href":"https:\/\/linitiative.ca\/International\/wp-json\/wp\/v2\/posts\/29162","targetHints":{"allow":["GET"]}}],"collection":[{"href":"https:\/\/linitiative.ca\/International\/wp-json\/wp\/v2\/posts"}],"about":[{"href":"https:\/\/linitiative.ca\/International\/wp-json\/wp\/v2\/types\/post"}],"author":[{"embeddable":true,"href":"https:\/\/linitiative.ca\/International\/wp-json\/wp\/v2\/users\/1743"}],"replies":[{"embeddable":true,"href":"https:\/\/linitiative.ca\/International\/wp-json\/wp\/v2\/comments?post=29162"}],"version-history":[{"count":0,"href":"https:\/\/linitiative.ca\/International\/wp-json\/wp\/v2\/posts\/29162\/revisions"}],"wp:attachment":[{"href":"https:\/\/linitiative.ca\/International\/wp-json\/wp\/v2\/media?parent=29162"}],"wp:term":[{"taxonomy":"category","embeddable":true,"href":"https:\/\/linitiative.ca\/International\/wp-json\/wp\/v2\/categories?post=29162"},{"taxonomy":"post_tag","embeddable":true,"href":"https:\/\/linitiative.ca\/International\/wp-json\/wp\/v2\/tags?post=29162"}],"curies":[{"name":"wp","href":"https:\/\/api.w.org\/{rel}","templated":true}]}}