{"id":29163,"date":"2019-04-21T05:16:22","date_gmt":"2019-04-21T09:16:22","guid":{"rendered":"https:\/\/linitiative.ca\/International\/bejaia-tous-les-algeriens-doivent-se-revendiquer-du-combat-pour-lamazighite\/"},"modified":"2019-04-21T05:16:22","modified_gmt":"2019-04-21T09:16:22","slug":"bejaia-tous-les-algeriens-doivent-se-revendiquer-du-combat-pour-lamazighite","status":"publish","type":"post","link":"https:\/\/linitiative.ca\/International\/bejaia-tous-les-algeriens-doivent-se-revendiquer-du-combat-pour-lamazighite\/","title":{"rendered":"B\u00e9ja\u00efa\u00a0: \u00abTous les Alg\u00e9riens doivent se revendiquer du combat pour l\u2019amazighit\u00e9\u00bb"},"content":{"rendered":"<h4 class=\"title-14\"\/>\n<p>Quelques milliers de personnes sont sorties hier dans les rues de B\u00e9ja\u00efa pour comm\u00e9morer le 39e anniversaire du Printemps berb\u00e8re et les \u00e9v\u00e9nements du Printemps noir de 2001.<\/p>\n<p>Contrairement aux ann\u00e9es pr\u00e9c\u00e9dentes, c\u2019est l\u2019esplanade de la maison de la culture Taos Amrouche qui a \u00e9t\u00e9 choisie comme point de d\u00e9part de la manifestation. Les organisateurs ont pr\u00e9f\u00e9r\u00e9 se d\u00e9marquer cette ann\u00e9e de la procession du Mouvement pour l\u2019autonomie de la Kabylie (MAK), dont les militants sont rest\u00e9s fid\u00e8les au point de rendez-vous habituel, \u00e0 savoir le portail du campus de Targa Ouzemmour.<\/p>\n<p>La marche s\u2019est \u00e9branl\u00e9e vers 10h, sillonnant les grandes art\u00e8res de la ville, avant d\u2019aboutir \u00e0 la place de la Libert\u00e9 d\u2019expression Sa\u00efd Mekbel. Pendant ce temps, des dizaines de manifestants sont rest\u00e9s bloqu\u00e9s au niveau des barrages fixes et mobiles de la police sur les axes principaux menant vers B\u00e9ja\u00efa. La pr\u00e9sence polici\u00e8re vise \u00e0 ralentir le d\u00e9placement de la population vers le lieu de la manifestation.<\/p>\n<p>Les marcheurs ont scand\u00e9 des slogans hostiles au pouvoir et d\u2019autres en faveur de l\u2019identit\u00e9 amazighe de l\u2019Alg\u00e9rie. \u00abTous les Alg\u00e9riens doivent s\u2019identifier et se revendiquer du combat pour l\u2019amazighit\u00e9 et adopter cette date du 20 Avril pour sa symbolique, car elle renvoie aussi \u00e0 la lutte pour la d\u00e9mocratie, la libert\u00e9 et le recouvrement de l\u2019identit\u00e9 des Alg\u00e9riens\u00bb, affirme un manifestant.<\/p>\n<p>Car, comme le dit si bien Djamel Zenati dans sa derni\u00e8re publication sur le Net : \u00abLe Printemps amazigh est incontestablement le pr\u00e9curseur et le catalyseur du combat d\u00e9mocratique en Alg\u00e9rie.\u00bb<\/p>\n<p>\u00abUlach smah ulach\u00bb\u00a0(Pas de pardon) revient comme un leitmotiv pour rappeler que les actes des auteurs des meurtres et des exactions qu\u2019ont subies les jeunes Kabyles lors des manifestations du Printemps noir sont rest\u00e9s impunis \u00e0 ce jour.<\/p>\n<p>Cette comm\u00e9moration des \u00e9v\u00e9nements du 20 Avril 1980 et de 2001 a rappel\u00e9 que le responsable des troubles qu\u2019a v\u00e9cus la Kabylie est l\u2019\u0153uvre de ce m\u00eame syst\u00e8me en place. \u00abNous combattons ce syst\u00e8me depuis 1962.<\/p>\n<p>Nos compatriotes doivent comprendre aussi que c\u2019est le m\u00eame syst\u00e8me que nous combattons ensemble aujourd\u2019hui, et le m\u00eame qui a tu\u00e9 127 jeunes en 2001\u00bb, lance un jeune devant la cam\u00e9ra d\u2019une cha\u00eene de t\u00e9l\u00e9vision. \u00ab127 martyrs victimes de ce syst\u00e8me\u00bb, lit-on sur une banderole port\u00e9e par des manifestants avec la ferme volont\u00e9 de m\u00ealer les aspirations de l\u2019insurrection antisyst\u00e8me, qui a d\u00e9but\u00e9 le 16 f\u00e9vrier \u00e0 Kherrata, \u00e0 celle du 20 Avril 2001.<\/p>\n<p>Arriv\u00e9s \u00e0 la place de la Libert\u00e9 d\u2019expression Sa\u00efd Mekbel, les manifestants ont observ\u00e9 une minute de silence \u00e0 la m\u00e9moire des victimes de la r\u00e9pression.<\/p>\n<p>Des \u00e9l\u00e9ments du Croissant-Rouge alg\u00e9rien veillent au grain pour apporter aide et assistance en cas de besoin. Il faut noter que la pr\u00e9sence des femmes en tenue traditionnelle, des enfants de bas \u00e2ge et de vieilles femmes \u00e0 la marche a \u00e9t\u00e9 remarquable. Louable est cette initiative de Amazday Adelsan Inelmaden (AAI), une association culturelle de l\u2019universit\u00e9 de B\u00e9ja\u00efa, qui a mis en place une exposition de coupures de journaux, des copies des appels du mouvement citoyen (A\u00e2rouch) des ann\u00e9es 2000, retra\u00e7ant ainsi l\u2019actualit\u00e9 des \u00e9v\u00e9nements du Printemps noir.<\/p>\n<p>De leur c\u00f4t\u00e9, les militants du MAK se sont rassembl\u00e9s, vers 11h, en masse devant le portail du campus de Targa Ouzemmour. La marche \u00e0 laquelle a appel\u00e9 le MAK a \u00e9t\u00e9 marqu\u00e9e par une forte mobilisation. Plusieurs centaines de militants du MAK ont march\u00e9 vers le rond-point du quartier Naciria, avant d\u2019observer une minute de silence \u00e0 la m\u00e9moire des victimes de la lutte pour l\u2019identit\u00e9 et la d\u00e9mocratie. Au pied des immeubles de la cit\u00e9 CNS, une prise de parole a \u00e9t\u00e9 organis\u00e9e.<\/p>\n<p>Les militants du MAK ont d\u00e9nonc\u00e9 les arrestations arbitraires de leurs militants, comme celle du responsable du MAK de Sidi A\u00efch qui a \u00e9t\u00e9 interpell\u00e9 pendant qu\u2019il affichait l\u2019appel \u00e0 la marche de son mouvement.<\/p>\n<div class=\"yuzo_related_post style-1\" data-version=\"5.12.88\">\n<p><h3>Related Post<\/h3>\n<\/p>\n<div class=\"yuzo_wraps\">\n<div class=\"relatedthumb relatedpost-564702 c11\"><a href=\"https:\/\/www.elwatan.com\/edition\/contributions\/les-propositions-dahmed-mahiou-19-03-2019\"\/><\/p>\n<p><span class=\"yuzo__text--title c10\">Les propositions d\u2019Ahmed Mahiou<\/span><\/div>\n<div class=\"relatedthumb relatedpost-558013 c11\"><a href=\"https:\/\/www.elwatan.com\/edition\/actualite\/farouk-benklikha-directeur-general-de-loffice-national-des-oeuvres-universitaires-onou-nos-agents-nont-rien-a-se-reprocher-13-02-2019\"\/><\/p>\n<p><span class=\"yuzo__text--title c10\">Farouk Benklikha. Directeur g\u00e9n\u00e9ral de l\u2019Office na&#8230;<\/span><\/div>\n<div class=\"relatedthumb relatedpost-143629 c11\"><a href=\"https:\/\/www.elwatan.com\/regions\/ouest\/mostaganem\/mostaganem-20-enfants-intoxiques-dans-une-colonie-de-vacances-13-08-2018\"\/><\/p>\n<p><span class=\"yuzo__text--title c10\">Mostaganem : 20 enfants intoxiqu\u00e9s dans une coloni&#8230;<\/span><\/div>\n<div class=\"relatedthumb relatedpost-144191 c11\"><a href=\"https:\/\/www.elwatan.com\/edition\/actualite\/103-centres-deducation-pour-enfants-handicapes-16-08-2018\"\/><\/p>\n<p><span class=\"yuzo__text--title c10\">103 centres d\u2019\u00e9ducation pour enfants handicap\u00e9s&#8230;<\/span><\/div>\n<\/div>\n<\/div>\n<p><span class=\"post-views-label\">Post Views:<\/span> <span class=\"post-views-count\">606<\/span><\/p>\n<p>Auteur: Hicham Chouadria<br \/>\n<a href=\"https:\/\/www.elwatan.com\/edition\/actualite\/bejaia-tous-les-algeriens-doivent-se-revendiquer-du-combat-pour-lamazighite-21-04-2019\">Cliquez ici pour lire l&rsquo;article depuis sa source.<\/a><\/p>\n","protected":false},"excerpt":{"rendered":"<p>Quelques milliers de personnes sont sorties hier dans les rues de B\u00e9ja\u00efa pour comm\u00e9morer le 39e anniversaire du Printemps berb\u00e8re et les \u00e9v\u00e9nements du Printemps noir de 2001. Contrairement aux ann\u00e9es pr\u00e9c\u00e9dentes, c\u2019est l\u2019esplanade de la maison de la culture Taos Amrouche qui a \u00e9t\u00e9 choisie comme point de d\u00e9part de la manifestation. Les organisateurs [&hellip;]<\/p>\n","protected":false},"author":1743,"featured_media":0,"comment_status":"closed","ping_status":"closed","sticky":false,"template":"","format":"standard","meta":{"fifu_image_url":"","fifu_image_alt":"","footnotes":""},"categories":[73,53],"tags":[],"class_list":["post-29163","post","type-post","status-publish","format-standard","hentry","category-actualite","category-algerie"],"_links":{"self":[{"href":"https:\/\/linitiative.ca\/International\/wp-json\/wp\/v2\/posts\/29163","targetHints":{"allow":["GET"]}}],"collection":[{"href":"https:\/\/linitiative.ca\/International\/wp-json\/wp\/v2\/posts"}],"about":[{"href":"https:\/\/linitiative.ca\/International\/wp-json\/wp\/v2\/types\/post"}],"author":[{"embeddable":true,"href":"https:\/\/linitiative.ca\/International\/wp-json\/wp\/v2\/users\/1743"}],"replies":[{"embeddable":true,"href":"https:\/\/linitiative.ca\/International\/wp-json\/wp\/v2\/comments?post=29163"}],"version-history":[{"count":0,"href":"https:\/\/linitiative.ca\/International\/wp-json\/wp\/v2\/posts\/29163\/revisions"}],"wp:attachment":[{"href":"https:\/\/linitiative.ca\/International\/wp-json\/wp\/v2\/media?parent=29163"}],"wp:term":[{"taxonomy":"category","embeddable":true,"href":"https:\/\/linitiative.ca\/International\/wp-json\/wp\/v2\/categories?post=29163"},{"taxonomy":"post_tag","embeddable":true,"href":"https:\/\/linitiative.ca\/International\/wp-json\/wp\/v2\/tags?post=29163"}],"curies":[{"name":"wp","href":"https:\/\/api.w.org\/{rel}","templated":true}]}}