{"id":29166,"date":"2019-04-21T05:30:40","date_gmt":"2019-04-21T09:30:40","guid":{"rendered":"https:\/\/linitiative.ca\/International\/le-39e-anniversaire-du-20-avril-1980-celebre-en-plein-hirak-un-printemps-pas-comme-les-autres\/"},"modified":"2019-04-21T05:30:40","modified_gmt":"2019-04-21T09:30:40","slug":"le-39e-anniversaire-du-20-avril-1980-celebre-en-plein-hirak-un-printemps-pas-comme-les-autres","status":"publish","type":"post","link":"https:\/\/linitiative.ca\/International\/le-39e-anniversaire-du-20-avril-1980-celebre-en-plein-hirak-un-printemps-pas-comme-les-autres\/","title":{"rendered":"Le 39e anniversaire du 20 avril 1980 c\u00e9l\u00e9br\u00e9 en plein hirak : Un printemps pas comme les autres"},"content":{"rendered":"<h4 class=\"title-14\"\/>\n<div class=\"featured_image\"><img width=\"943\" height=\"673\" data-cfsrc=\"https:\/\/www.elwatan.com\/wp-content\/uploads\/2019\/04\/tizi-e1555802672940.jpg\" class=\"attachment-post-thumbnail size-post-thumbnail wp-post-image c1\" alt=\"\" srcset=\"https:\/\/www.elwatan.com\/wp-content\/uploads\/2019\/04\/tizi-e1555802672940.jpg 943w, https:\/\/www.elwatan.com\/wp-content\/uploads\/2019\/04\/tizi-e1555802672940-300x214.jpg 300w, https:\/\/www.elwatan.com\/wp-content\/uploads\/2019\/04\/tizi-e1555802672940-768x548.jpg 768w\" sizes=\"(max-width: 943px) 100vw, 943px\"\/><noscript><\/p>\n<p><img loading=\"lazy\" decoding=\"async\" width=\"943\" height=\"673\" src=\"https:\/\/www.elwatan.com\/wp-content\/uploads\/2019\/04\/tizi-e1555802672940.jpg\" class=\"attachment-post-thumbnail size-post-thumbnail wp-post-image\" alt=\"\" srcset=\"https:\/\/www.elwatan.com\/wp-content\/uploads\/2019\/04\/tizi-e1555802672940.jpg 943w, https:\/\/www.elwatan.com\/wp-content\/uploads\/2019\/04\/tizi-e1555802672940-300x214.jpg 300w, https:\/\/www.elwatan.com\/wp-content\/uploads\/2019\/04\/tizi-e1555802672940-768x548.jpg 768w\" sizes=\"auto, (max-width: 943px) 100vw, 943px\"\/><\/p>\n<p><\/noscript> <span class=\"featured-image-caption\">(Photo : El Watan)<\/span><\/div>\n<p>Plusieurs dizaines de personnes s\u2019\u00e9taient rassembl\u00e9es, hier, sur la placette de la Grande-Poste pour comm\u00e9morer le Printemps berb\u00e8re du 20 Avril 1980 et le Printemps noir de 2001.<\/p>\n<p>Arborant les deux drapeaux alg\u00e9rien et amazigh, les manifestants, des jeunes mais aussi de nombreuses femmes, ont brandi des slogans hostiles au r\u00e9gime\u00a0: \u00ab2001, Printemps noir, 2019, printemps de la victoire\u00bb, \u00abTileli, tileli, Ulac smah ulac\u00bb,\u00a0\u00abMazalagh dhimazighen\u00bb, \u00abMartyrs kabyles, martyrs alg\u00e9riens\u00bb\u2026<\/p>\n<p>Ils ont longuement scand\u00e9 des slogans antir\u00e9gime et entonn\u00e9 des chants contestataires de feu Matoub Loun\u00e8s et d\u2019Oulahlou. Du jamais vu, du jamais entendu sur une place publique \u00e0 Alger.<\/p>\n<p>En effet, depuis juin 2001, les autorit\u00e9s ont interdit toute manifestation, particuli\u00e8rement celles revendiquant l\u2019expression amazighe. Les choses ont chang\u00e9 avec le mouvement de protestation du 22 f\u00e9vrier.<\/p>\n<p>Les policiers, qui interdisaient toute action sur le parvis de la Grande-Poste, ont tol\u00e9r\u00e9 le rassemblement. Si dans un premier temps, ils ont tent\u00e9 de dissuader les personnes de se regrouper, ils ont fini par l\u00e2cher du lest, se contentant de les encercler et \u00e9viter que d\u2019autres les rejoignent. \u00abOn est venus pour c\u00e9l\u00e9brer le 20 Avril avec nos fr\u00e8res et s\u0153urs. C\u2019est une fiert\u00e9 pour moi.<\/p>\n<p>C\u2019est peut-\u00eatre la premi\u00e8re fois qu\u2019on c\u00e9l\u00e8bre cet \u00e9v\u00e9nement \u00e0 la Grande-Poste. C\u2019est un acquis du mouvement populaire. Il ne faut pas l\u00e2cher. Le 20 Avril c\u2019est notre patrimoine, c\u2019est notre culture\u2026 Personne ne nous arr\u00eatera. Plus ils nous harcellent, plus on deviendra fort\u00bb, tranche Hac\u00e8ne Ferhati, militant des droits de l\u2019homme.<\/p>\n<p>L\u2019avocate et d\u00e9put\u00e9e RCD Fetta Sadat consid\u00e8re que le rassemblement r\u00e9ussi atteste de la victoire du peuple qui a abattu les murs de la peur. \u00abNous sommes l\u00e0 pour nous r\u00e9approprier tous les espaces publics et nous r\u00e9approprier un droit essentiel et constitutionnel qui est celui de manifester et d\u2019exprimer librement nos id\u00e9es.<\/p>\n<p>Nous voulons un r\u00e9gime bas\u00e9 sur la justice sociale, et la reconnaissance pleine et enti\u00e8re des droits de l\u2019homme, mais aussi un r\u00e9gime bas\u00e9 sur la reconnaissance de notre identit\u00e9\u00bb, soutient-elle d\u2019une voix stridente, parfois couverte par les chants des femmes.<\/p>\n<p><strong>Pas de proc\u00e8s des tueurs\u00a0!<\/strong><\/p>\n<p>Le rassemblement d\u2019hier a surtout un grand m\u00e9rite\u00a0: permettre la communion entre Alg\u00e9riens, alors que jusque-l\u00e0 la suspicion \u00e9tait la r\u00e8gle entre les communaut\u00e9s d\u2019un m\u00eame pays. \u00abSi on avait adh\u00e9r\u00e9 au mouvement de contestation en Kabylie en 2001, on n\u2019aurait pas \u00e9t\u00e9 oblig\u00e9s de sortir aujourd\u2019hui.<\/p>\n<p>Le r\u00e9gime serait parti depuis longtemps\u2026\u00bb s\u2019adresse, lucide, un citoyen arabophone \u00e0 une victime du Printemps noir. Acquiescement de ce dernier, qui a racont\u00e9 les souffrances d\u2019un t\u00e9moin de la l\u00e2chet\u00e9 des hommes.<\/p>\n<p>Les manifestants ont brandi des symboles rassembleurs de tous les Imazighen du pays, alors que jusqu\u2019\u00e0 un pass\u00e9 r\u00e9cent, ils \u00e9taient interdits dans la capitale. Un portrait g\u00e9ant du barde Matoub Loun\u00e8s \u00e9tait port\u00e9 \u00e0 bout de bras par un jeune, des drapeaux sont arbor\u00e9s sans complexe.<\/p>\n<p>Les manifestants de la Grande-Poste, qui \u00e9taient fiers de se rassembler dans une ville qui leur \u00e9tait ferm\u00e9e, suite \u00e0 l\u2019oukase de l\u2019ex-chef de l\u2019Etat, Abdelaziz Bouteflika, r\u00e9clament reconnaissance et v\u00e9rit\u00e9.<\/p>\n<p>Fr\u00e8re d\u2019un disparu de la d\u00e9cennie du terrorisme, Ferhati affirme comprendre les souffrances des familles des 128 jeunes assassin\u00e9s en Kabylie, sa r\u00e9gion natale, ayant lui-m\u00eame un fr\u00e8re disparu. \u00abLes jeunes d\u00e9c\u00e9d\u00e9s en Kabylie sont nos fr\u00e8res.<\/p>\n<p>Ma m\u00e8re me disait\u00a0: la m\u00e8re de celui qui meurt me fait piti\u00e9. La m\u00e8re c\u2019est celle qui est le plus touch\u00e9e. Ma m\u00e8re est morte avec le chagrin de son fils disparu (Mustapha, 26 ans \u00e0 Kouba).<\/p>\n<p>Elle est rest\u00e9e plus de vingt ans dans l\u2019attente. Trois mois avant sa disparition, je lui ai dit\u00a0: \u2018\u2018M\u00e8re est-ce que t\u2019as oubli\u00e9 Mustapha ?\u2019\u2019 Elle m\u2019a dit\u00a0: \u2018\u2018L\u2019oublier\u00a0? Jamais je n\u2019oublierai mon fils.\u2019\u2019 Je dis cela pour exprimer la souffrance \u00e0 vie des familles des martyrs du Printemps noir.<\/p>\n<p>Elles font semblant d\u2019oublier, mais elles n\u2019oublieront jamais. On ne fait jamais le deuil\u2026\u00bb, estime-t-il, des tr\u00e9molos dans la voix. Des proc\u00e8s contre les commanditaires et les assassins des jeunes de Kabylie\u00a0?<\/p>\n<p>Pour la d\u00e9put\u00e9e du RCD, \u00abjusqu\u2019\u00e0 pr\u00e9sent, aucun proc\u00e8s n\u2019a eu lieu et aucune condamnation n\u2019a \u00e9t\u00e9 prononc\u00e9e par la justice alg\u00e9rienne qui, nous le savons tous, est loin d\u2019\u00eatre ind\u00e9pendante\u00bb. \u00abNous sommes venus dire que nous sommes toujours debout et pour que nul n\u2019oublie.<\/p>\n<p>On ne peut pas oublier ces deux dates, et on ne peut pas b\u00e2tir une histoire bas\u00e9e sur l\u2019oubli\u00bb, ass\u00e8ne-t-elle. Bouscul\u00e9s par les policiers, les manifestants marcheront jusqu\u2019\u00e0 la place Audin. L\u00e0, ils scanderont des slogans antir\u00e9gime avant de se disperser dans le calme.<\/p>\n<div class=\"yuzo_related_post style-1\" data-version=\"5.12.88\">\n<p><h3>Related Post<\/h3>\n<\/p>\n<div class=\"yuzo_wraps\">\n<div class=\"relatedthumb relatedpost-329007 c11\"><a href=\"https:\/\/www.elwatan.com\/edition\/international\/les-les-gilets-jaunes-le-font-flechir-macron-decrete-un-etat-durgence-social-et-economique-12-12-2018\"\/><\/p>\n<p><span class=\"yuzo__text--title c10\">Les \u00abGilets jaunes\u00bb le font fl\u00e9chir : Macron d\u00e9cr\u00e8&#8230;<\/span><\/div>\n<div class=\"relatedthumb relatedpost-252699 c11\"><a href=\"https:\/\/www.elwatan.com\/regions\/kabylie\/tizi-ouzou\/colloque-sur-lintelligence-competitive-des-territoires-developper-une-vision-constructive-du-dechet-05-12-2018\"\/><\/p>\n<p><span class=\"yuzo__text--title c10\">Colloque sur l\u2019intelligence comp\u00e9titive des territ&#8230;<\/span><\/div>\n<div class=\"relatedthumb relatedpost-553500 c11\"><a href=\"https:\/\/www.elwatan.com\/pages-hebdo\/etudiant\/les-etudiants-fetent-le-nouvel-an-berbere-16-01-2019\"\/><\/p>\n<p><span class=\"yuzo__text--title c10\">Les \u00e9tudiants f\u00eatent le Nouvel An berb\u00e8re<\/span><\/div>\n<div class=\"relatedthumb relatedpost-286156 c11\"><a href=\"https:\/\/www.elwatan.com\/edition\/economie\/algerie-grande-bretagne-le-brexit-pourrait-favoriser-les-relations-bilaterales-08-12-2018\"\/><\/p>\n<p><span class=\"yuzo__text--title c10\">Alg\u00e9rie \u2013 Grande-Bretagne :\u00a0Le Brexit pourrait fav&#8230;<\/span><\/div>\n<\/div>\n<\/div>\n<p><span class=\"post-views-label\">Post Views:<\/span> <span class=\"post-views-count\">2\u00a0060<\/span><\/p>\n<p>Auteur: Hicham Chouadria<br \/>\n<a href=\"https:\/\/www.elwatan.com\/a-la-une\/le-39e-anniversaire-du-20-avril-1980-celebre-en-plein-hirak-un-printemps-pas-comme-les-autres-21-04-2019\">Cliquez ici pour lire l&rsquo;article depuis sa source.<\/a><\/p>\n","protected":false},"excerpt":{"rendered":"<p>(Photo : El Watan) Plusieurs dizaines de personnes s\u2019\u00e9taient rassembl\u00e9es, hier, sur la placette de la Grande-Poste pour comm\u00e9morer le Printemps berb\u00e8re du 20 Avril 1980 et le Printemps noir de 2001. Arborant les deux drapeaux alg\u00e9rien et amazigh, les manifestants, des jeunes mais aussi de nombreuses femmes, ont brandi des slogans hostiles au r\u00e9gime\u00a0: [&hellip;]<\/p>\n","protected":false},"author":1743,"featured_media":29167,"comment_status":"closed","ping_status":"closed","sticky":false,"template":"","format":"standard","meta":{"fifu_image_url":"","fifu_image_alt":"","footnotes":""},"categories":[73,53],"tags":[],"class_list":["post-29166","post","type-post","status-publish","format-standard","has-post-thumbnail","hentry","category-actualite","category-algerie"],"_links":{"self":[{"href":"https:\/\/linitiative.ca\/International\/wp-json\/wp\/v2\/posts\/29166","targetHints":{"allow":["GET"]}}],"collection":[{"href":"https:\/\/linitiative.ca\/International\/wp-json\/wp\/v2\/posts"}],"about":[{"href":"https:\/\/linitiative.ca\/International\/wp-json\/wp\/v2\/types\/post"}],"author":[{"embeddable":true,"href":"https:\/\/linitiative.ca\/International\/wp-json\/wp\/v2\/users\/1743"}],"replies":[{"embeddable":true,"href":"https:\/\/linitiative.ca\/International\/wp-json\/wp\/v2\/comments?post=29166"}],"version-history":[{"count":0,"href":"https:\/\/linitiative.ca\/International\/wp-json\/wp\/v2\/posts\/29166\/revisions"}],"wp:featuredmedia":[{"embeddable":true,"href":"https:\/\/linitiative.ca\/International\/wp-json\/"}],"wp:attachment":[{"href":"https:\/\/linitiative.ca\/International\/wp-json\/wp\/v2\/media?parent=29166"}],"wp:term":[{"taxonomy":"category","embeddable":true,"href":"https:\/\/linitiative.ca\/International\/wp-json\/wp\/v2\/categories?post=29166"},{"taxonomy":"post_tag","embeddable":true,"href":"https:\/\/linitiative.ca\/International\/wp-json\/wp\/v2\/tags?post=29166"}],"curies":[{"name":"wp","href":"https:\/\/api.w.org\/{rel}","templated":true}]}}