{"id":29168,"date":"2019-04-21T05:53:13","date_gmt":"2019-04-21T09:53:13","guid":{"rendered":"https:\/\/linitiative.ca\/International\/meteo-fortes-pluies-sur-louest-et-le-centre-du-pays-a-partir-de-cet-apres-midi\/"},"modified":"2019-04-21T05:53:13","modified_gmt":"2019-04-21T09:53:13","slug":"meteo-fortes-pluies-sur-louest-et-le-centre-du-pays-a-partir-de-cet-apres-midi","status":"publish","type":"post","link":"https:\/\/linitiative.ca\/International\/meteo-fortes-pluies-sur-louest-et-le-centre-du-pays-a-partir-de-cet-apres-midi\/","title":{"rendered":"M\u00e9t\u00e9o : Fortes pluies sur l\u2019ouest et le centre du pays \u00e0 partir de cet apr\u00e8s-midi"},"content":{"rendered":"<h4 class=\"title-14\"\/>\n<p>De fortes pluies, parfois sous forme d\u2019averses orageuses accompagn\u00e9es de rafales de vent, affecteront plusieurs wilayas de l\u2019ouest et du centre du pays, \u00e0 partir de dimanche apr\u00e8s-midi, selon un bulletin m\u00e9t\u00e9orologique sp\u00e9cial (BMS) \u00e9mis par le Centre national de m\u00e9t\u00e9orologie.<\/p>\n<p>Les wilayas concern\u00e9es par ces pr\u00e9visions sont : Tlemcen, Ain-Temouchent, Oran, Mostaganem, Chlef, Tipasa, Ain-Defla, Tissemsilt, Tiaret, Relizane, Mascara, Sidi-Bel-Abb\u00e8s, Saida, nord de Na\u00e2ma et nord d\u2019El-Bayad, pr\u00e9cise-t-on de m\u00eame source.<\/p>\n<p>Les cumuls estim\u00e9s atteindront ou d\u00e9passeront localement 50 mm durant la validit\u00e9 du BMS qui court jusqu\u2019\u00e0 lundi \u00e0 06h00.<\/p>\n<div class=\"yuzo_related_post style-1\" data-version=\"5.12.88\">\n<p><h3>Related Post<\/h3>\n<\/p>\n<div class=\"yuzo_wraps\">\n<div class=\"relatedthumb relatedpost-241385 c11\"><a href=\"https:\/\/www.elwatan.com\/pages-hebdo\/sup-eco\/volontariste-08-10-2007\"\/><\/p>\n<p><span class=\"yuzo__text--title c10\">Volontariste<\/span><\/div>\n<div class=\"relatedthumb relatedpost-297241 c11\"><a href=\"https:\/\/www.elwatan.com\/edition\/actualite\/dans-son-rapport-annuel-2018-la-laddh-deplore-un-recul-des-droits-de-lhomme-09-12-2018\"\/><\/p>\n<p><span class=\"yuzo__text--title c10\">Dans son rapport annuel 2018 : La LADDH d\u00e9plore un&#8230;<\/span><\/div>\n<div class=\"relatedthumb relatedpost-571038 c11\"><a href=\"https:\/\/www.elwatan.com\/edition\/contributions\/incarner-le-hirak-se-projeter-dans-lapres-21-04-2019\"\/><\/p>\n<p><span class=\"yuzo__text--title c10\">Incarner le hirak, se projeter dans l\u2019apr\u00e8s<\/span><\/div>\n<div class=\"relatedthumb relatedpost-566321 c11\"><a href=\"https:\/\/www.elwatan.com\/edition\/actualite\/sit-in-hier-a-alger-des-experts-comptables-et-commissaires-aux-comptes-28-03-2019\"\/><\/p>\n<p><span class=\"yuzo__text--title c10\">Sit-in hier \u00e0 Alger des experts-comptables et comm&#8230;<\/span><\/div>\n<\/div>\n<\/div>\n<p><span class=\"post-views-label\">Post Views:<\/span> <span class=\"post-views-count\">1\u00a0850<\/span><\/p>\n<p>Auteur: Mourad Hachid<br \/>\n<a href=\"https:\/\/www.elwatan.com\/edition\/actualite\/meteo-fortes-pluies-sur-louest-et-le-centre-du-pays-a-partir-de-cet-apres-midi-21-04-2019\">Cliquez ici pour lire l&rsquo;article depuis sa source.<\/a><\/p>\n","protected":false},"excerpt":{"rendered":"<p>De fortes pluies, parfois sous forme d\u2019averses orageuses accompagn\u00e9es de rafales de vent, affecteront plusieurs wilayas de l\u2019ouest et du centre du pays, \u00e0 partir de dimanche apr\u00e8s-midi, selon un bulletin m\u00e9t\u00e9orologique sp\u00e9cial (BMS) \u00e9mis par le Centre national de m\u00e9t\u00e9orologie. Les wilayas concern\u00e9es par ces pr\u00e9visions sont : Tlemcen, Ain-Temouchent, Oran, Mostaganem, Chlef, Tipasa, [&hellip;]<\/p>\n","protected":false},"author":1743,"featured_media":0,"comment_status":"closed","ping_status":"closed","sticky":false,"template":"","format":"standard","meta":{"fifu_image_url":"","fifu_image_alt":"","footnotes":""},"categories":[73,53],"tags":[],"class_list":["post-29168","post","type-post","status-publish","format-standard","hentry","category-actualite","category-algerie"],"_links":{"self":[{"href":"https:\/\/linitiative.ca\/International\/wp-json\/wp\/v2\/posts\/29168","targetHints":{"allow":["GET"]}}],"collection":[{"href":"https:\/\/linitiative.ca\/International\/wp-json\/wp\/v2\/posts"}],"about":[{"href":"https:\/\/linitiative.ca\/International\/wp-json\/wp\/v2\/types\/post"}],"author":[{"embeddable":true,"href":"https:\/\/linitiative.ca\/International\/wp-json\/wp\/v2\/users\/1743"}],"replies":[{"embeddable":true,"href":"https:\/\/linitiative.ca\/International\/wp-json\/wp\/v2\/comments?post=29168"}],"version-history":[{"count":0,"href":"https:\/\/linitiative.ca\/International\/wp-json\/wp\/v2\/posts\/29168\/revisions"}],"wp:attachment":[{"href":"https:\/\/linitiative.ca\/International\/wp-json\/wp\/v2\/media?parent=29168"}],"wp:term":[{"taxonomy":"category","embeddable":true,"href":"https:\/\/linitiative.ca\/International\/wp-json\/wp\/v2\/categories?post=29168"},{"taxonomy":"post_tag","embeddable":true,"href":"https:\/\/linitiative.ca\/International\/wp-json\/wp\/v2\/tags?post=29168"}],"curies":[{"name":"wp","href":"https:\/\/api.w.org\/{rel}","templated":true}]}}