{"id":29180,"date":"2019-04-21T06:00:00","date_gmt":"2019-04-21T10:00:00","guid":{"rendered":"https:\/\/linitiative.ca\/International\/info-les-produits-cosmetiques-et-les-effets-indesirables\/"},"modified":"2019-04-21T06:00:00","modified_gmt":"2019-04-21T10:00:00","slug":"info-les-produits-cosmetiques-et-les-effets-indesirables","status":"publish","type":"post","link":"https:\/\/linitiative.ca\/International\/info-les-produits-cosmetiques-et-les-effets-indesirables\/","title":{"rendered":"Info : les produits cosm\u00e9tiques et les effets ind\u00e9sirables"},"content":{"rendered":"<div readability=\"38.3829787234\"><a href=\"\/periscoop\/toufik-sans-gardes-22460\"\/><\/p>\n<div class=\"image\"><img class=\"lazy\" data-original=\"\/data\/images\/article\/thumbs\/ls-22460toufik-sans-gardes-549bf.jpg\"\/><\/p>\n<p><span>1<\/span><\/p>\n<\/div>\n<p class=\"type-date\"><span>P\u00e9riscoop<\/span> 11:00 | 17-04-2019<\/p>\n<h5 class=\"first-title\"><a href=\"\/periscoop\/toufik-sans-gardes-22460\"\/><\/h5>\n<h5 class=\"title\"><a href=\"\/periscoop\/toufik-sans-gardes-22460\">Toufik sans gardes<\/a><\/h5>\n<p><a href=\"\/periscoop\/toufik-sans-gardes-22460\"\/><\/p>\n<p class=\"text\">L\u2019ex-patron du DRS, le g\u00e9n\u00e9ral de corps d\u2019arm\u00e9e Mediene Mohamed dit Toufik, s\u2019est vu retirer, cette semaine, sa garde rapproch\u00e9e et sa voiture blind\u00e9e. A rappeler qu\u2019entre lui et l\u2019actuel homme fort de l\u2019arm\u00e9e, en<\/p>\n<\/div>\n<div readability=\"38.7692307692\"><a href=\"\/periscoop\/ou-est-passe-zoukh-22516\"\/><\/p>\n<div class=\"image\"><img class=\"lazy\" data-original=\"\/data\/images\/article\/thumbs\/ls-ou-est-passe-zoukh-56a51.jpg\"\/><\/p>\n<p><span>2<\/span><\/p>\n<\/div>\n<p class=\"type-date\"><span>P\u00e9riscoop<\/span> 11:00 | 18-04-2019<\/p>\n<h5 class=\"first-title\"><a href=\"\/periscoop\/ou-est-passe-zoukh-22516\"\/><\/h5>\n<h5 class=\"title\"><a href=\"\/periscoop\/ou-est-passe-zoukh-22516\">O\u00f9 est pass\u00e9 Zoukh?<\/a><\/h5>\n<p><a href=\"\/periscoop\/ou-est-passe-zoukh-22516\"\/><\/p>\n<p class=\"text\">Le wali d\u2019Alger Abdelkader Zoukh fait, depuis quelque temps, profil bas. Lui qui mobilisait les m\u00e9dias lourds, publics et priv\u00e9s, pour des sorties quasiment hebdomadaires semble pr\u00e9f\u00e9rer, cette fois-ci, le travail<\/p>\n<\/div>\n<p>Auteur:<br \/>\n<a href=\"https:\/\/www.lesoirdalgerie.com\/femme-magazine\/info-les-produits-cosmetiques-et-les-effets-indesirables-22625\">Cliquez ici pour lire l&rsquo;article depuis sa source.<\/a><\/p>\n","protected":false},"excerpt":{"rendered":"<p>1 P\u00e9riscoop 11:00 | 17-04-2019 Toufik sans gardes L\u2019ex-patron du DRS, le g\u00e9n\u00e9ral de corps d\u2019arm\u00e9e Mediene Mohamed dit Toufik, s\u2019est vu retirer, cette semaine, sa garde rapproch\u00e9e et sa voiture blind\u00e9e. A rappeler qu\u2019entre lui et l\u2019actuel homme fort de l\u2019arm\u00e9e, en 2 P\u00e9riscoop 11:00 | 18-04-2019 O\u00f9 est pass\u00e9 Zoukh? Le wali d\u2019Alger [&hellip;]<\/p>\n","protected":false},"author":1741,"featured_media":0,"comment_status":"closed","ping_status":"closed","sticky":false,"template":"","format":"standard","meta":{"fifu_image_url":"","fifu_image_alt":"","footnotes":""},"categories":[73,53],"tags":[],"class_list":["post-29180","post","type-post","status-publish","format-standard","hentry","category-actualite","category-algerie"],"_links":{"self":[{"href":"https:\/\/linitiative.ca\/International\/wp-json\/wp\/v2\/posts\/29180","targetHints":{"allow":["GET"]}}],"collection":[{"href":"https:\/\/linitiative.ca\/International\/wp-json\/wp\/v2\/posts"}],"about":[{"href":"https:\/\/linitiative.ca\/International\/wp-json\/wp\/v2\/types\/post"}],"author":[{"embeddable":true,"href":"https:\/\/linitiative.ca\/International\/wp-json\/wp\/v2\/users\/1741"}],"replies":[{"embeddable":true,"href":"https:\/\/linitiative.ca\/International\/wp-json\/wp\/v2\/comments?post=29180"}],"version-history":[{"count":0,"href":"https:\/\/linitiative.ca\/International\/wp-json\/wp\/v2\/posts\/29180\/revisions"}],"wp:attachment":[{"href":"https:\/\/linitiative.ca\/International\/wp-json\/wp\/v2\/media?parent=29180"}],"wp:term":[{"taxonomy":"category","embeddable":true,"href":"https:\/\/linitiative.ca\/International\/wp-json\/wp\/v2\/categories?post=29180"},{"taxonomy":"post_tag","embeddable":true,"href":"https:\/\/linitiative.ca\/International\/wp-json\/wp\/v2\/tags?post=29180"}],"curies":[{"name":"wp","href":"https:\/\/api.w.org\/{rel}","templated":true}]}}