{"id":29185,"date":"2019-04-21T08:32:56","date_gmt":"2019-04-21T12:32:56","guid":{"rendered":"https:\/\/linitiative.ca\/International\/sri-lanka-des-attentats-font-207-morts-et-plus-de-450-blesses\/"},"modified":"2019-04-21T08:32:56","modified_gmt":"2019-04-21T12:32:56","slug":"sri-lanka-des-attentats-font-207-morts-et-plus-de-450-blesses","status":"publish","type":"post","link":"https:\/\/linitiative.ca\/International\/sri-lanka-des-attentats-font-207-morts-et-plus-de-450-blesses\/","title":{"rendered":"Sri Lanka : des attentats font 207 morts et plus de 450 bless\u00e9s"},"content":{"rendered":"<p>Le bilan des attentats qui ont frapp\u00e9 dimanche des h\u00f4tels de luxe et des \u00e9glises catholiques c\u00e9l\u00e9brant P\u00e2ques s\u2019est aggrav\u00e9 \u00e0 207 morts et plus de 450 bless\u00e9s, a annonc\u00e9 la police.<\/p>\n<div class=\"c10\"\/>\n<p>Ce bilan prend en compte les victimes des huit d\u00e9flagrations survenues sur l\u2019\u00eele, a indiqu\u00e9 le porte-parole de la police, Ruwan Gunasekera, en conf\u00e9rence de presse. \u00ab\u00a0Nous ne pouvons pas confirmer si c\u2019\u00e9taient des attaques suicide\u00a0\u00bb, a-t-il dit, ajoutant que trois personnes avaient \u00e9t\u00e9 arr\u00eat\u00e9es.<\/p>\n<div class=\"c17\">\n<fieldset class=\"c16\">\n<legend><strong><span class=\"c11\">Challenge<\/span><span class=\"c12\">news<\/span><\/strong><\/legend>\n<div class=\"c15\">Le meilleur de la r\u00e9daction s\u00e9lectionn\u00e9 par Challenge :<\/p>\n<\/div>\n<\/fieldset>\n<\/div>\n<p>Auteur: challenge<br \/>\n<a href=\"https:\/\/www.challenge.ma\/attentats-au-sri-lanka-des-attentats-font-207-morts-et-plus-de-450-blesses-108015\/\">Cliquez ici pour lire l&rsquo;article depuis sa source.<\/a><\/p>\n","protected":false},"excerpt":{"rendered":"<p>Le bilan des attentats qui ont frapp\u00e9 dimanche des h\u00f4tels de luxe et des \u00e9glises catholiques c\u00e9l\u00e9brant P\u00e2ques s\u2019est aggrav\u00e9 \u00e0 207 morts et plus de 450 bless\u00e9s, a annonc\u00e9 la police. Ce bilan prend en compte les victimes des huit d\u00e9flagrations survenues sur l\u2019\u00eele, a indiqu\u00e9 le porte-parole de la police, Ruwan Gunasekera, en [&hellip;]<\/p>\n","protected":false},"author":1787,"featured_media":0,"comment_status":"closed","ping_status":"closed","sticky":false,"template":"","format":"standard","meta":{"fifu_image_url":"","fifu_image_alt":"","footnotes":""},"categories":[78,54],"tags":[],"class_list":["post-29185","post","type-post","status-publish","format-standard","hentry","category-economie","category-maroc"],"_links":{"self":[{"href":"https:\/\/linitiative.ca\/International\/wp-json\/wp\/v2\/posts\/29185","targetHints":{"allow":["GET"]}}],"collection":[{"href":"https:\/\/linitiative.ca\/International\/wp-json\/wp\/v2\/posts"}],"about":[{"href":"https:\/\/linitiative.ca\/International\/wp-json\/wp\/v2\/types\/post"}],"author":[{"embeddable":true,"href":"https:\/\/linitiative.ca\/International\/wp-json\/wp\/v2\/users\/1787"}],"replies":[{"embeddable":true,"href":"https:\/\/linitiative.ca\/International\/wp-json\/wp\/v2\/comments?post=29185"}],"version-history":[{"count":0,"href":"https:\/\/linitiative.ca\/International\/wp-json\/wp\/v2\/posts\/29185\/revisions"}],"wp:attachment":[{"href":"https:\/\/linitiative.ca\/International\/wp-json\/wp\/v2\/media?parent=29185"}],"wp:term":[{"taxonomy":"category","embeddable":true,"href":"https:\/\/linitiative.ca\/International\/wp-json\/wp\/v2\/categories?post=29185"},{"taxonomy":"post_tag","embeddable":true,"href":"https:\/\/linitiative.ca\/International\/wp-json\/wp\/v2\/tags?post=29185"}],"curies":[{"name":"wp","href":"https:\/\/api.w.org\/{rel}","templated":true}]}}