{"id":29187,"date":"2019-04-21T09:54:47","date_gmt":"2019-04-21T13:54:47","guid":{"rendered":"https:\/\/linitiative.ca\/International\/video-siam-2019-mfm-radio-presente-la-contribution-de-la-region-de-rabat-sale-kenitra\/"},"modified":"2019-04-21T09:54:47","modified_gmt":"2019-04-21T13:54:47","slug":"video-siam-2019-mfm-radio-presente-la-contribution-de-la-region-de-rabat-sale-kenitra","status":"publish","type":"post","link":"https:\/\/linitiative.ca\/International\/video-siam-2019-mfm-radio-presente-la-contribution-de-la-region-de-rabat-sale-kenitra\/","title":{"rendered":"Vid\u00e9o. SIAM 2019 : MFM Radio pr\u00e9sente la contribution de la r\u00e9gion de Rabat-Sal\u00e9-K\u00e9nitra"},"content":{"rendered":"<p>En marge du Salon international de l\u2019agriculture (SIAM 2019), dans sa derni\u00e8re journ\u00e9e, l\u2019\u00e9mission \u00ab\u00a0<strong>Fjenb el fellah<\/strong>\u00a0\u00bb (Assistance de l\u2019agriculteur) de MFM Radio, pr\u00e9sent\u00e9e par Khalid el Kiraoui rassemble des responsables de coop\u00e9ratives de la r\u00e9gion de Rabat-Sal\u00e9-K\u00e9nitra pour faire le point sur la contribution de ces coop\u00e9ratives dans le d\u00e9veloppement du secteur agricole au Maroc.<\/p>\n<div class=\"c10\"\/>\n<p>L\u2019\u00e9mission a mis en exergue le travail de terrain important de ces coop\u00e9ratives agricoles, qui participent concr\u00e8tement dans l\u2019op\u00e9rationalisation des dispositions du <strong>Plan Maroc Vert<\/strong> (PMV). Des responsables de la direction r\u00e9gionale et du bureau r\u00e9gional de l\u2019agriculture et des responsables de coop\u00e9ratives agricoles pr\u00e9sentent leurs exp\u00e9riences dans le domaine.<\/p>\n<p>Les intervenants ont mis l\u2019accent sur l\u2019importance de la communication, la s\u00e9curit\u00e9 sanitaire, ainsi que la promotion des produits agricoles.<\/p>\n<div class=\"fb-video\" data-href=\"https:\/\/www.facebook.com\/RADIOMFM.Officiel\/videos\/289848011943591\/?q=radio%20mfm%20officiel&#038;epa=SEARCH_BOX\" data-width=\"1140\">\n<blockquote cite=\"https:\/\/www.facebook.com\/RADIOMFM.Officiel\/videos\/289848011943591\/\" class=\"fb-xfbml-parse-ignore\">\n<p>#\u062d\u0635\u0631\u064a\u0627\u0628\u0631\u0646\u0627\u0645\u062c #\u0641\u062c\u0646\u0628_\u0627\u0644\u0641\u0644\u0627\u062d \u0645\u0628\u0627\u0634\u0631\u0629 \u0645\u0646 \u0627\u0644\u0645\u0639\u0631\u0636 \u0627\u0644\u062f\u0648\u0644\u064a \u0644\u0644\u0641\u0644\u0627\u062d\u0629 \u0641\u064a \u062f\u0648\u0631\u062a\u0647 14 \u0628\u0645\u0643\u0646\u0627\u0633 \u0645\u0639 #\u062e\u0627\u0644\u062f_\u0627\u0644\u0643\u064a\u0631\u0627\u0648\u064a \u0628\u0645\u0633\u0627\u0647\u0645\u0629 \u0627\u0644\u062e\u0628\u064a\u0631 \u0627\u0644\u0641\u0644\u0627\u062d\u064a \u0627\u0644\u0641\u0627\u0637\u0645\u064a \u0628\u0648\u0643\u0631\u064a\u0632\u0628\u0629 \u0648\u0643\u0645\u0627\u0644 \u0627\u0644\u0639\u0627\u0628\u062f\u064a \u0648\u062c\u0648\u0627\u062f \u0627\u0644\u0631\u0627\u0645\u064a \u0639\u0644\u0649 \u0625\u0645 \u0625\u0641 \u0625\u0645\u0644\u0644\u0627\u0633\u062a\u0645\u0627\u0639 \u0623\u0646\u0642\u0631 \u0639\u0644\u0649 \u0647\u0630\u0627 \u0627\u0644\u0631\u0627\u0628\u0637 www.mfmradio.ma#instagram : radiomfmofficiel#fijanbfellah #mfmradio #mfm #SIAM #meknes #kiraoui_khalid #commune #agriculture #\u0627\u0644\u0646\u0642\u0644_\u0627\u0644\u0645\u0628\u0627\u0634\u0631<\/p>\n<p>Publi\u00e9e par <a href=\"https:\/\/www.facebook.com\/RADIOMFM.Officiel\/\">RADIO MFM Officiel<\/a> sur Dimanche 21 avril 2019<\/p>\n<\/blockquote>\n<\/div>\n<p>Organis\u00e9 sous le Haut patronage de SM le Roi Mohammed VI, autour du th\u00e8me \u00ab\u00a0l\u2019agriculture, levier d\u2019emploi et avenir du monde rural\u00a0\u00bb du 16 au 21 avril, le 14\u00e8me SIAM constitue un rendez-vous annuel incontournable pour pr\u00e9senter les avanc\u00e9es du Maroc dans le domaine agricole et confirmer le r\u00f4le crucial que joue l\u2019agriculture en tant qu\u2019un des leviers majeurs de la croissance \u00e9conomique.<\/p>\n<div class=\"c17\">\n<fieldset class=\"c16\">\n<legend><strong><span class=\"c11\">Challenge<\/span><span class=\"c12\">news<\/span><\/strong><\/legend>\n<div class=\"c15\">Le meilleur de la r\u00e9daction s\u00e9lectionn\u00e9 par Challenge :<\/p>\n<\/div>\n<\/fieldset>\n<\/div>\n<p>Auteur: Hassan Manyani<br \/>\n<a href=\"https:\/\/www.challenge.ma\/video-siam-2019-mfm-radio-presente-la-contribution-de-la-region-de-rabat-sale-kenitra-108021\/\">Cliquez ici pour lire l&rsquo;article depuis sa source.<\/a><\/p>\n","protected":false},"excerpt":{"rendered":"<p>En marge du Salon international de l\u2019agriculture (SIAM 2019), dans sa derni\u00e8re journ\u00e9e, l\u2019\u00e9mission \u00ab\u00a0Fjenb el fellah\u00a0\u00bb (Assistance de l\u2019agriculteur) de MFM Radio, pr\u00e9sent\u00e9e par Khalid el Kiraoui rassemble des responsables de coop\u00e9ratives de la r\u00e9gion de Rabat-Sal\u00e9-K\u00e9nitra pour faire le point sur la contribution de ces coop\u00e9ratives dans le d\u00e9veloppement du secteur agricole au [&hellip;]<\/p>\n","protected":false},"author":1787,"featured_media":0,"comment_status":"closed","ping_status":"closed","sticky":false,"template":"","format":"standard","meta":{"fifu_image_url":"","fifu_image_alt":"","footnotes":""},"categories":[78,54],"tags":[],"class_list":["post-29187","post","type-post","status-publish","format-standard","hentry","category-economie","category-maroc"],"_links":{"self":[{"href":"https:\/\/linitiative.ca\/International\/wp-json\/wp\/v2\/posts\/29187","targetHints":{"allow":["GET"]}}],"collection":[{"href":"https:\/\/linitiative.ca\/International\/wp-json\/wp\/v2\/posts"}],"about":[{"href":"https:\/\/linitiative.ca\/International\/wp-json\/wp\/v2\/types\/post"}],"author":[{"embeddable":true,"href":"https:\/\/linitiative.ca\/International\/wp-json\/wp\/v2\/users\/1787"}],"replies":[{"embeddable":true,"href":"https:\/\/linitiative.ca\/International\/wp-json\/wp\/v2\/comments?post=29187"}],"version-history":[{"count":0,"href":"https:\/\/linitiative.ca\/International\/wp-json\/wp\/v2\/posts\/29187\/revisions"}],"wp:attachment":[{"href":"https:\/\/linitiative.ca\/International\/wp-json\/wp\/v2\/media?parent=29187"}],"wp:term":[{"taxonomy":"category","embeddable":true,"href":"https:\/\/linitiative.ca\/International\/wp-json\/wp\/v2\/categories?post=29187"},{"taxonomy":"post_tag","embeddable":true,"href":"https:\/\/linitiative.ca\/International\/wp-json\/wp\/v2\/tags?post=29187"}],"curies":[{"name":"wp","href":"https:\/\/api.w.org\/{rel}","templated":true}]}}