{"id":29194,"date":"2019-04-21T14:44:43","date_gmt":"2019-04-21T18:44:43","guid":{"rendered":"https:\/\/linitiative.ca\/International\/ca-un-membre-du-comite-directeur-demissionne\/"},"modified":"2019-04-21T14:44:43","modified_gmt":"2019-04-21T18:44:43","slug":"ca-un-membre-du-comite-directeur-demissionne","status":"publish","type":"post","link":"https:\/\/linitiative.ca\/International\/ca-un-membre-du-comite-directeur-demissionne\/","title":{"rendered":"CA : Un membre du comit\u00e9 directeur d\u00e9missionne"},"content":{"rendered":"<div class=\"nc_socialPanel swp_flatFresh swp_d_fullColor swp_i_fullColor swp_o_fullColor scale-100 scale-fullWidth\" data-position=\"none\" data-float=\"floatNone\" data-count=\"5\" data-floatcolor=\"#ffffff\" data-emphasize=\"0\">\n<div class=\"nc_tweetContainer totes totesalt\" data-id=\"6\"><span class=\"swp_count\"><span class=\"swp_label\">Partages<\/span> 0<\/span><\/div>\n<\/div>\n<p><span>Tunisienumerique<\/span><span>\u00a0a appris<\/span><span>\u00a0de sources proches du Club Africain que le porte-parole de l\u2019\u00e9quipe Kamel Ben\u00a0<\/span><span>Khelil<\/span><span>\u00a0<\/span><span>a pr\u00e9sent\u00e9 par \u00e9crit sa d\u00e9mission \u00e0 la direction du club,<\/span><span>\u00a0<\/span><\/p>\n<p><span>\u00c0 ce moment, les raisons de cette d\u00e9cision de Ben\u00a0<\/span><span>Khelil<\/span><span>\u00a0restent encore inconnues.<\/span><span>\u00a0<\/span><\/p>\n<div class=\"code-block code-block-1 c5\"><ins class=\"adsbygoogle c4\" data-ad-layout=\"in-article\" data-ad-format=\"fluid\" data-ad-client=\"ca-pub-2102118777505746\" data-ad-slot=\"7301775417\"\/> <\/div>\n<div class=\"mvp-org-wrap mvp-org-logo\" itemprop=\"publisher\" itemscope=\"\" itemtype=\"https:\/\/schema.org\/Organization\"><img decoding=\"async\" src=\"https:\/\/sport.tunisienumerique.com\/wp-content\/uploads\/2017\/05\/logo_tunisie_numerique.png\"\/><\/div>\n<div class=\"nc_socialPanel swp_flatFresh swp_d_fullColor swp_i_fullColor swp_o_fullColor scale-100 scale-fullWidth\" data-position=\"none\" data-float=\"floatNone\" data-count=\"5\" data-floatcolor=\"#ffffff\" data-emphasize=\"0\">\n<div class=\"nc_tweetContainer totes totesalt\" data-id=\"6\"><span class=\"swp_count\"><span class=\"swp_label\">Partages<\/span> 0<\/span><\/div>\n<\/div>\n<div class=\"mvp-related-posts left relative\">\n<h4 class=\"post-header\"><span class=\"post-header\">Lire aussi<\/span><\/h4>\n<\/div>\n<p>Auteur:<br \/>\n<a href=\"https:\/\/sport.tunisienumerique.com\/ca-membre-comite-directeur-demissionne\/\">Cliquez ici pour lire l&rsquo;article depuis sa source.<\/a><\/p>\n","protected":false},"excerpt":{"rendered":"<p>Partages 0 Tunisienumerique\u00a0a appris\u00a0de sources proches du Club Africain que le porte-parole de l\u2019\u00e9quipe Kamel Ben\u00a0Khelil\u00a0a pr\u00e9sent\u00e9 par \u00e9crit sa d\u00e9mission \u00e0 la direction du club,\u00a0 \u00c0 ce moment, les raisons de cette d\u00e9cision de Ben\u00a0Khelil\u00a0restent encore inconnues.\u00a0 Partages 0 Lire aussi Auteur: Cliquez ici pour lire l&rsquo;article depuis sa source.<\/p>\n","protected":false},"author":1789,"featured_media":29195,"comment_status":"closed","ping_status":"closed","sticky":false,"template":"","format":"standard","meta":{"fifu_image_url":"","fifu_image_alt":"","footnotes":""},"categories":[73,55],"tags":[],"class_list":["post-29194","post","type-post","status-publish","format-standard","has-post-thumbnail","hentry","category-actualite","category-tunisie"],"_links":{"self":[{"href":"https:\/\/linitiative.ca\/International\/wp-json\/wp\/v2\/posts\/29194","targetHints":{"allow":["GET"]}}],"collection":[{"href":"https:\/\/linitiative.ca\/International\/wp-json\/wp\/v2\/posts"}],"about":[{"href":"https:\/\/linitiative.ca\/International\/wp-json\/wp\/v2\/types\/post"}],"author":[{"embeddable":true,"href":"https:\/\/linitiative.ca\/International\/wp-json\/wp\/v2\/users\/1789"}],"replies":[{"embeddable":true,"href":"https:\/\/linitiative.ca\/International\/wp-json\/wp\/v2\/comments?post=29194"}],"version-history":[{"count":0,"href":"https:\/\/linitiative.ca\/International\/wp-json\/wp\/v2\/posts\/29194\/revisions"}],"wp:featuredmedia":[{"embeddable":true,"href":"https:\/\/linitiative.ca\/International\/wp-json\/"}],"wp:attachment":[{"href":"https:\/\/linitiative.ca\/International\/wp-json\/wp\/v2\/media?parent=29194"}],"wp:term":[{"taxonomy":"category","embeddable":true,"href":"https:\/\/linitiative.ca\/International\/wp-json\/wp\/v2\/categories?post=29194"},{"taxonomy":"post_tag","embeddable":true,"href":"https:\/\/linitiative.ca\/International\/wp-json\/wp\/v2\/tags?post=29194"}],"curies":[{"name":"wp","href":"https:\/\/api.w.org\/{rel}","templated":true}]}}