{"id":29202,"date":"2019-04-21T16:26:49","date_gmt":"2019-04-21T20:26:49","guid":{"rendered":"https:\/\/linitiative.ca\/International\/tunisie-mohamed-abbou-officiellement-candidat-aux-presidentielles\/"},"modified":"2019-04-21T16:26:49","modified_gmt":"2019-04-21T20:26:49","slug":"tunisie-mohamed-abbou-officiellement-candidat-aux-presidentielles","status":"publish","type":"post","link":"https:\/\/linitiative.ca\/International\/tunisie-mohamed-abbou-officiellement-candidat-aux-presidentielles\/","title":{"rendered":"Tunisie \u2013 Mohamed Abbou officiellement candidat aux pr\u00e9sidentielles"},"content":{"rendered":"<div class=\"post-cont-in left relative\">\n<div class=\"nc_socialPanel swp_flatFresh swp_d_fullColor swp_i_fullColor swp_o_fullColor scale-100 scale-fullWidth\" data-position=\"none\" data-float=\"floatNone\" data-count=\"5\" data-floatcolor=\"#ffffff\" data-emphasize=\"0\">\n<div class=\"nc_tweetContainer totes totesalt\" data-id=\"6\"><span class=\"swp_count\"><span class=\"swp_label\">Partages<\/span> 0<\/span><\/div>\n<\/div>\n<p>Le leader du courant d\u00e9mocratique a favorablement r\u00e9pondu \u00e0 l\u2019appel des militants lors du congr\u00e8s du courant, ce dimanche pour se pr\u00e9senter en tant que candidat du parti aux prochaines pr\u00e9sidentielles.<\/p>\n<p>Samia Abbou, quant \u00e0 elle, elle postule pour le poste de secr\u00e9taire g\u00e9n\u00e9ral du parti, et le vote entre elle et Lazhar Chamli est pr\u00e9vu pour ce dimanche soir.<\/p>\n<div class=\"code-block code-block-1 c3\"><ins class=\"adsbygoogle c2\" data-ad-layout=\"in-article\" data-ad-format=\"fluid\" data-ad-client=\"ca-pub-2102118777505746\" data-ad-slot=\"7301775417\"\/> <\/div>\n<div class=\"mvp-org-wrap mvp-org-logo\" itemprop=\"publisher\" itemscope=\"\" itemtype=\"https:\/\/schema.org\/Organization\"><img decoding=\"async\" src=\"https:\/\/www.tunisienumerique.com\/wp-content\/uploads\/2017\/02\/logo_tunisie_numerique.png\"\/><\/div>\n<div class=\"nc_socialPanel swp_flatFresh swp_d_fullColor swp_i_fullColor swp_o_fullColor scale-100 scale-fullWidth\" data-position=\"none\" data-float=\"floatNone\" data-count=\"5\" data-floatcolor=\"#ffffff\" data-emphasize=\"0\">\n<div class=\"nc_tweetContainer totes totesalt\" data-id=\"6\"><span class=\"swp_count\"><span class=\"swp_label\">Partages<\/span> 0<\/span><\/div>\n<\/div>\n<div class=\"mvp-related-posts left relative\">\n<h4 class=\"post-header\"><span class=\"post-header\">Lire aussi<\/span><\/h4>\n<\/div>\n<\/div>\n<p>Auteur: LM<br \/>\n<a href=\"https:\/\/www.tunisienumerique.com\/tunisie-mohamed-abbou-officiellement-candidat-aux-presidentielles\/\">Cliquez ici pour lire l&rsquo;article depuis sa source.<\/a><\/p>\n","protected":false},"excerpt":{"rendered":"<p>Partages 0 Le leader du courant d\u00e9mocratique a favorablement r\u00e9pondu \u00e0 l\u2019appel des militants lors du congr\u00e8s du courant, ce dimanche pour se pr\u00e9senter en tant que candidat du parti aux prochaines pr\u00e9sidentielles. Samia Abbou, quant \u00e0 elle, elle postule pour le poste de secr\u00e9taire g\u00e9n\u00e9ral du parti, et le vote entre elle et Lazhar [&hellip;]<\/p>\n","protected":false},"author":1789,"featured_media":29203,"comment_status":"closed","ping_status":"closed","sticky":false,"template":"","format":"standard","meta":{"fifu_image_url":"","fifu_image_alt":"","footnotes":""},"categories":[73,55],"tags":[],"class_list":["post-29202","post","type-post","status-publish","format-standard","has-post-thumbnail","hentry","category-actualite","category-tunisie"],"_links":{"self":[{"href":"https:\/\/linitiative.ca\/International\/wp-json\/wp\/v2\/posts\/29202","targetHints":{"allow":["GET"]}}],"collection":[{"href":"https:\/\/linitiative.ca\/International\/wp-json\/wp\/v2\/posts"}],"about":[{"href":"https:\/\/linitiative.ca\/International\/wp-json\/wp\/v2\/types\/post"}],"author":[{"embeddable":true,"href":"https:\/\/linitiative.ca\/International\/wp-json\/wp\/v2\/users\/1789"}],"replies":[{"embeddable":true,"href":"https:\/\/linitiative.ca\/International\/wp-json\/wp\/v2\/comments?post=29202"}],"version-history":[{"count":0,"href":"https:\/\/linitiative.ca\/International\/wp-json\/wp\/v2\/posts\/29202\/revisions"}],"wp:featuredmedia":[{"embeddable":true,"href":"https:\/\/linitiative.ca\/International\/wp-json\/"}],"wp:attachment":[{"href":"https:\/\/linitiative.ca\/International\/wp-json\/wp\/v2\/media?parent=29202"}],"wp:term":[{"taxonomy":"category","embeddable":true,"href":"https:\/\/linitiative.ca\/International\/wp-json\/wp\/v2\/categories?post=29202"},{"taxonomy":"post_tag","embeddable":true,"href":"https:\/\/linitiative.ca\/International\/wp-json\/wp\/v2\/tags?post=29202"}],"curies":[{"name":"wp","href":"https:\/\/api.w.org\/{rel}","templated":true}]}}