{"id":29216,"date":"2019-04-21T14:18:04","date_gmt":"2019-04-21T18:18:04","guid":{"rendered":"https:\/\/linitiative.ca\/International\/abidjan-au-moins-20-stands-calcines-dans-un-incendie-lors-des-festivites-de-paquinou-a-marcory\/"},"modified":"2019-04-21T14:18:04","modified_gmt":"2019-04-21T18:18:04","slug":"abidjan-au-moins-20-stands-calcines-dans-un-incendie-lors-des-festivites-de-paquinou-a-marcory","status":"publish","type":"post","link":"https:\/\/linitiative.ca\/International\/abidjan-au-moins-20-stands-calcines-dans-un-incendie-lors-des-festivites-de-paquinou-a-marcory\/","title":{"rendered":"Abidjan: au moins 20 stands calcin\u00e9s dans un incendie lors des festivit\u00e9s de Paquinou \u00e0 Marcory"},"content":{"rendered":"<div readability=\"32\">\n<p>Publi\u00e9 le 21.04.2019 \u00e0 19h18 par APA News<\/p>\n<\/div>\n<div readability=\"96\">\n<p>Au moins 20 stands ont \u00e9t\u00e9 calcin\u00e9s dimanche dans un incendie lors des festivit\u00e9s de \u00ab Paquinou \u00e0 Marcory \u00bb, au terrain Konan Rapha\u00ebl, dans le Sud d\u2019Abidjan, suite \u00e0 la propagation d\u2019un feu de gaz, ont rapport\u00e9 des t\u00e9moins.Le feu est parti du \u00ab stand num\u00e9ro 3 \u00bb aux environs de 14 heures \u00a0GMT (heure locale), o\u00f9 \u00e9taient men\u00e9es des activit\u00e9s culinaires. Les \u00a0flammes ayant touch\u00e9 les installations faites de pailles et de rameaux \u00a0s\u00e9ch\u00e9s, se sont ainsi propag\u00e9es en un temps record. \u00a0<\/p>\n<p>Nad\u00e8ge \u00a0Kouadio, une riveraine, d\u00e9plore ce \u00ab drame \u00bb qui s\u2019abat sur Marcory \u00a0Sicogi, \u00e0 cette deuxi\u00e8me \u00e9dition de \u00ab Paquinou \u00e0 Marcory (festivit\u00e9s \u00a0ayant trait \u00e0 la f\u00eate de P\u00e2que)\u00bb. L\u2019\u00e9v\u00e9nement qui a commenc\u00e9 le \u00a0vendredi, devrait s\u2019achever le lundi de P\u00e2que.\u00a0<\/p>\n<p>Aucune \u00a0perte en vie humaine n\u2019est \u00e0 d\u00e9plorer mais des d\u00e9g\u00e2ts mat\u00e9riels \u00a0importants ont \u00e9t\u00e9 enregistr\u00e9s. Sur le sol, sont affaiss\u00e9s des casiers \u00a0de boissons, des aliments, des ustensiles de cuisine et des marchandises \u00a0diverses, entrelac\u00e9s dans des tiges calcin\u00e9es. \u00a0 \u00a0 \u00a0<\/p>\n<p>Lydia \u00a0Vignon, une vendeuse install\u00e9e dans deux stands, n\u2019a pu sauver ses \u00a0marchandises \u00e0 l\u2019instar de plusieurs commer\u00e7ants. La seule chose qu\u2019 elle a pu prendre est sa bouteille de gaz, confie-t-elle \u00e0 APA. Ce matin, ses \u00a050 poulets command\u00e9s et les 18 autres dans la glaci\u00e8re ont cram\u00e9 dans \u00a0l\u2019incendie. \u00a0<\/p>\n<p>\u00ab On avait nos enfants sur le \u00a0site, on devait d\u2019abord les \u00e9vacuer \u00bb, alors \u00ab mes marmites, mes \u00a0casseroles, les assiettes, tout est parti en fum\u00e9e \u00bb, dit-elle, \u00a0pr\u00e9sentant quelques ustensiles quasiment irr\u00e9cup\u00e9rables.\u00a0<\/p>\n<p><ins data-revive-zoneid=\"9\" data-revive-id=\"10111e19d28d19d031742ee3b0b33eb0\"\/> <\/p>\n<p>Lydia \u00a0proposait notamment du poulet accompagn\u00e9 de mets locaux. Elle d\u00e9nonce \u00a0malheureusement le vol de deux marmites de 25 Kg. Dans la boisson, elle \u00a0rapporte avoir inject\u00e9 180.000 Fcfa, mais tout est perdu dans l\u2019incident \u00a0qui s\u2019est produit. \u00a0<\/p>\n<p>Les stands portaient des \u00a0noms. Au village Kossou, Lydia Vignon, pensaient avec ses deux stands \u00a0jumel\u00e9s avoir un retour sur investissement, mais l\u2019incendie a tout \u00a0chamboul\u00e9. Sa perte allait \u00eatre plus lourde si la mairie n\u2019avait pas \u00a0pris en charge une partie du co\u00fbt de ces stands. \u00a0 \u00a0<\/p>\n<p>Quelques \u00a0maisons ont \u00e9t\u00e9 touch\u00e9es par le feu mais pas de d\u00e9g\u00e2ts majeurs \u00a0enregistr\u00e9s apr\u00e8s la destruction de plus de 20 stands sur les 40 dress\u00e9s \u00a0sur le terrain Konan Rapha\u00ebl. Approch\u00e9 par APA, le promoteur de l\u2019\u00e9v\u00e9nementiel a \u00a0refus\u00e9 de se prononcer sur l\u2019incendie. \u00a0\u00a0<\/p>\n<\/div>\n<p>Auteur: APA News<br \/>\n<a href=\"https:\/\/www.journalducameroun.com\/fr\/abidjan-au-moins-20-stands-calcines-dans-un-incendie-lors-des-festivites-de-paquinou-a-marcory\/\">Cliquez ici pour lire l&rsquo;article depuis sa source.<\/a><\/p>\n","protected":false},"excerpt":{"rendered":"<p>Publi\u00e9 le 21.04.2019 \u00e0 19h18 par APA News Au moins 20 stands ont \u00e9t\u00e9 calcin\u00e9s dimanche dans un incendie lors des festivit\u00e9s de \u00ab Paquinou \u00e0 Marcory \u00bb, au terrain Konan Rapha\u00ebl, dans le Sud d\u2019Abidjan, suite \u00e0 la propagation d\u2019un feu de gaz, ont rapport\u00e9 des t\u00e9moins.Le feu est parti du \u00ab stand num\u00e9ro [&hellip;]<\/p>\n","protected":false},"author":1965,"featured_media":0,"comment_status":"closed","ping_status":"closed","sticky":false,"template":"","format":"standard","meta":{"fifu_image_url":"","fifu_image_alt":"","footnotes":""},"categories":[73,82],"tags":[],"class_list":["post-29216","post","type-post","status-publish","format-standard","hentry","category-actualite","category-cameroun"],"_links":{"self":[{"href":"https:\/\/linitiative.ca\/International\/wp-json\/wp\/v2\/posts\/29216","targetHints":{"allow":["GET"]}}],"collection":[{"href":"https:\/\/linitiative.ca\/International\/wp-json\/wp\/v2\/posts"}],"about":[{"href":"https:\/\/linitiative.ca\/International\/wp-json\/wp\/v2\/types\/post"}],"author":[{"embeddable":true,"href":"https:\/\/linitiative.ca\/International\/wp-json\/wp\/v2\/users\/1965"}],"replies":[{"embeddable":true,"href":"https:\/\/linitiative.ca\/International\/wp-json\/wp\/v2\/comments?post=29216"}],"version-history":[{"count":0,"href":"https:\/\/linitiative.ca\/International\/wp-json\/wp\/v2\/posts\/29216\/revisions"}],"wp:attachment":[{"href":"https:\/\/linitiative.ca\/International\/wp-json\/wp\/v2\/media?parent=29216"}],"wp:term":[{"taxonomy":"category","embeddable":true,"href":"https:\/\/linitiative.ca\/International\/wp-json\/wp\/v2\/categories?post=29216"},{"taxonomy":"post_tag","embeddable":true,"href":"https:\/\/linitiative.ca\/International\/wp-json\/wp\/v2\/tags?post=29216"}],"curies":[{"name":"wp","href":"https:\/\/api.w.org\/{rel}","templated":true}]}}