{"id":29217,"date":"2019-04-21T14:18:05","date_gmt":"2019-04-21T18:18:05","guid":{"rendered":"https:\/\/linitiative.ca\/International\/cote-divoire-jesus-christ-celebre-dans-le-mystere-de-la-paque\/"},"modified":"2019-04-21T14:18:05","modified_gmt":"2019-04-21T18:18:05","slug":"cote-divoire-jesus-christ-celebre-dans-le-mystere-de-la-paque","status":"publish","type":"post","link":"https:\/\/linitiative.ca\/International\/cote-divoire-jesus-christ-celebre-dans-le-mystere-de-la-paque\/","title":{"rendered":"C\u00f4te d\u2019Ivoire: J\u00e9sus Christ c\u00e9l\u00e9br\u00e9 dans le myst\u00e8re de la P\u00e2que"},"content":{"rendered":"<div readability=\"32\">\n<p>Publi\u00e9 le 21.04.2019 \u00e0 19h18 par APA News<\/p>\n<\/div>\n<div readability=\"88\">\n<p>Les chr\u00e9tiens de C\u00f4te d\u2019Ivoire ont comm\u00e9mor\u00e9 dimanche la P\u00e2que du Seigneur J\u00e9sus Christ, sa crucifixion et sa r\u00e9surrection, dans l\u2019esp\u00e9rance d\u2019avoir part \u00e0 son triomphe sur la mort, aux gr\u00e2ces de Dieu.R\u00e9unis dans les \u00e9glises et paroisses, les chr\u00e9tiens ont lou\u00e9 l\u2019\u0153uvre du salut inaugur\u00e9e dans le myst\u00e8re de la P\u00e2que. Selon l\u2019Abb\u00e9 Toussaint Kouassi de la paroisse Sainte Bernadette du Dioc\u00e8se d\u2019Abidjan, la P\u00e2que est le passage de la mort de Christ \u00e0 la vie. \u00a0<\/p>\n<p>\u00ab Christ est mort pour les p\u00e9ch\u00e9s de l\u2019humanit\u00e9 \u00bb ce qui ouvre une nouvelle \u00e8re pour la cr\u00e9ation. Par cons\u00e9quent, les chr\u00e9tiens devraient \u00ab motiver cette dignit\u00e9 d\u2019\u00eatre cr\u00e9\u00e9s \u00e0 l\u2019image de notre P\u00e8re que nous avons perdu du fait du p\u00e9ch\u00e9 \u00bb, affirme l\u2019Abb\u00e9 Toussaint Kouassi. \u00a0\u00a0<\/p>\n<p>Pour lui, la P\u00e2que \u00ab ce sont des mots de reconnaissance \u00bb. Alors, les chr\u00e9tiens devaient avoir \u00ab un regard de foi et d\u2019esp\u00e9rance en leur Seigneur \u00bb tout en restant attach\u00e9s \u00e0 Dieu le P\u00e8re qui est fid\u00e8le en sa parole, car cela fut annonc\u00e9 des si\u00e8cles auparavant. \u00a0\u00a0<\/p>\n<p>A la paroisse Sainte Th\u00e9r\u00e8se de Marcory, la P\u00e2que a \u00e9t\u00e9 c\u00e9l\u00e9br\u00e9e ainsi que les sacrements. Le cur\u00e9 Emmanuel Sawadogo, a indiqu\u00e9 que \u00ab par J\u00e9sus, Dieu a donn\u00e9 aux hommes la clart\u00e9 de sa lumi\u00e8re \u00bb et la flamme de la foi devrait briller constamment aux fins d\u2019avoir part \u00e0 l\u2019h\u00e9ritage c\u00e9leste. \u00a0 \u00a0<\/p>\n<p><ins data-revive-zoneid=\"9\" data-revive-id=\"10111e19d28d19d031742ee3b0b33eb0\"\/> <\/p>\n<p>Un cordon de joie pouvait se lire sur les visages dans le sanctuaire, o\u00f9 \u00e0 cette c\u00e9l\u00e9bration, ont \u00e9t\u00e9 associ\u00e9s des bapt\u00eames et des mariages. Dans le fil de la messe pascale, ont \u00e9t\u00e9 d\u00e9voil\u00e9es une statue de Christ crucifi\u00e9 et plusieurs autres de Marie, sa m\u00e8re.<\/p>\n<p>Interrog\u00e9, un pasteur d\u2019une \u00e9glise \u00e9vang\u00e9lique, qui a requis l\u2019anonymat, a soutenu que la P\u00e2que est l\u2019essence de la vie chr\u00e9tienne, car si Christ n\u2019\u00e9tait pas ressuscit\u00e9, la foi serait vaine, citant l\u2019ap\u00f4tre Paul.<\/p>\n<p>A la croix de de Golgotha (lieu du cr\u00e2ne), J\u00e9sus s\u2019est \u00e9cri\u00e9 \u00ab tout est accompli \u00bb avant de rendre l\u2019Esprit, ce qui r\u00e9v\u00e8le que d\u00e9sormais les chr\u00e9tiens ont acc\u00e8s \u00e0 Dieu le P\u00e8re et \u00e0 son royaume par le moyen de la foi en Christ. En outre, ils b\u00e9n\u00e9ficient des gr\u00e2ces de Dieu et de la vie \u00e9ternelle.<\/p>\n<\/div>\n<p>Auteur: APA News<br \/>\n<a href=\"https:\/\/www.journalducameroun.com\/fr\/cote-divoire-jesus-christ-celebre-dans-le-mystere-de-la-paque\/\">Cliquez ici pour lire l&rsquo;article depuis sa source.<\/a><\/p>\n","protected":false},"excerpt":{"rendered":"<p>Publi\u00e9 le 21.04.2019 \u00e0 19h18 par APA News Les chr\u00e9tiens de C\u00f4te d\u2019Ivoire ont comm\u00e9mor\u00e9 dimanche la P\u00e2que du Seigneur J\u00e9sus Christ, sa crucifixion et sa r\u00e9surrection, dans l\u2019esp\u00e9rance d\u2019avoir part \u00e0 son triomphe sur la mort, aux gr\u00e2ces de Dieu.R\u00e9unis dans les \u00e9glises et paroisses, les chr\u00e9tiens ont lou\u00e9 l\u2019\u0153uvre du salut inaugur\u00e9e dans [&hellip;]<\/p>\n","protected":false},"author":1965,"featured_media":0,"comment_status":"closed","ping_status":"closed","sticky":false,"template":"","format":"standard","meta":{"fifu_image_url":"","fifu_image_alt":"","footnotes":""},"categories":[73,82],"tags":[],"class_list":["post-29217","post","type-post","status-publish","format-standard","hentry","category-actualite","category-cameroun"],"_links":{"self":[{"href":"https:\/\/linitiative.ca\/International\/wp-json\/wp\/v2\/posts\/29217","targetHints":{"allow":["GET"]}}],"collection":[{"href":"https:\/\/linitiative.ca\/International\/wp-json\/wp\/v2\/posts"}],"about":[{"href":"https:\/\/linitiative.ca\/International\/wp-json\/wp\/v2\/types\/post"}],"author":[{"embeddable":true,"href":"https:\/\/linitiative.ca\/International\/wp-json\/wp\/v2\/users\/1965"}],"replies":[{"embeddable":true,"href":"https:\/\/linitiative.ca\/International\/wp-json\/wp\/v2\/comments?post=29217"}],"version-history":[{"count":0,"href":"https:\/\/linitiative.ca\/International\/wp-json\/wp\/v2\/posts\/29217\/revisions"}],"wp:attachment":[{"href":"https:\/\/linitiative.ca\/International\/wp-json\/wp\/v2\/media?parent=29217"}],"wp:term":[{"taxonomy":"category","embeddable":true,"href":"https:\/\/linitiative.ca\/International\/wp-json\/wp\/v2\/categories?post=29217"},{"taxonomy":"post_tag","embeddable":true,"href":"https:\/\/linitiative.ca\/International\/wp-json\/wp\/v2\/tags?post=29217"}],"curies":[{"name":"wp","href":"https:\/\/api.w.org\/{rel}","templated":true}]}}