{"id":29220,"date":"2019-04-21T17:18:02","date_gmt":"2019-04-21T21:18:02","guid":{"rendered":"https:\/\/linitiative.ca\/International\/la-peste-equine-declaree-au-tchad\/"},"modified":"2019-04-21T17:18:02","modified_gmt":"2019-04-21T21:18:02","slug":"la-peste-equine-declaree-au-tchad","status":"publish","type":"post","link":"https:\/\/linitiative.ca\/International\/la-peste-equine-declaree-au-tchad\/","title":{"rendered":"La peste \u00e9quine d\u00e9clar\u00e9e au Tchad"},"content":{"rendered":"<div readability=\"32\">\n<p>Publi\u00e9 le 21.04.2019 \u00e0 22h18 par APA News<\/p>\n<\/div>\n<div readability=\"66\">\n<p>Le ministre de l\u2019Elevage et des Productions Animales, Gayang Souar\u00e9 a fait \u00e9tat de la mortalit\u00e9 massive des \u00e2nes et des chevaux enregistr\u00e9e dans certaines provinces depuis quelques semaines \u00e0 cause du virus de la peste \u00e9quine.\u00a0\u00bbSuite aux investigations \u00e9pid\u00e9miologiques diligent\u00e9es par les services techniques du minist\u00e8re, des pr\u00e9l\u00e8vements ont \u00e9t\u00e9 analys\u00e9s. Les r\u00e9sultats de ces analyses ont confirm\u00e9 la pr\u00e9sence du virus de la peste \u00e9quine\u00a0\u00bb a-t-il d\u00e9clar\u00e9.<\/p>\n<p>Le ministre souligne que, cette maladie vient \u00e9galement d\u2019\u00eatre notifi\u00e9e par certains pays africains \u00e0 l\u2019Organisation Mondiale de la Sant\u00e9 Animale (OIE).<\/p>\n<p>\u00ab\u00a0La peste \u00e9quine\u00a0\u00bb dit-il est une maladie virale qui touche les \u00e9quid\u00e9s et dans les rares cas les chiens.<\/p>\n<p>Sans donner le nombre des morts enregistr\u00e9s, le ministre Gayang Souar\u00e9 pr\u00e9cise que la peste \u00e9quine n\u2019est pas transmissible \u00e0 l\u2019homme. \u00ab\u00a0Cependant, comme pour toute Maladie r\u00e9put\u00e9e l\u00e9galement contagieuse des animaux sur le territoire de la R\u00e9publique du Tchad, des dispositions exceptionnelles et imm\u00e9diates doivent \u00eatre prises\u00a0\u00bb.<\/p>\n<p><ins data-revive-zoneid=\"9\" data-revive-id=\"10111e19d28d19d031742ee3b0b33eb0\"\/> <\/p>\n<p>Parmi les mesures prises, le ministre Gayang Souar\u00e9 annonce \u00ab\u00a0qu\u2019une notification imm\u00e9diate de la maladie vient d\u2019\u00eatre faite par la Directrice des Services V\u00e9t\u00e9rinaires \u00e0 l\u2019Organisation Mondiale de la Sant\u00e9 Animale (OIE)\u00a0\u00bb.<\/p>\n<p>Il a \u00e9t\u00e9 d\u00e9cid\u00e9 de la restriction des mouvements des \u00e9quid\u00e9s dans les zones infect\u00e9es, l\u2019interdiction des foires et des \u00e9changes commerciaux ainsi que le transport des animaux vers les zones indemnes.<\/p>\n<p>Les cadavres seront d\u00e9truits et enfouis dans la zone du foyer, en utilisant des m\u00e9thodes et produits appropri\u00e9s.<\/p>\n<\/div>\n<p>Auteur: APA News<br \/>\n<a href=\"https:\/\/www.journalducameroun.com\/fr\/la-peste-equine-declaree-au-tchad\/\">Cliquez ici pour lire l&rsquo;article depuis sa source.<\/a><\/p>\n","protected":false},"excerpt":{"rendered":"<p>Publi\u00e9 le 21.04.2019 \u00e0 22h18 par APA News Le ministre de l\u2019Elevage et des Productions Animales, Gayang Souar\u00e9 a fait \u00e9tat de la mortalit\u00e9 massive des \u00e2nes et des chevaux enregistr\u00e9e dans certaines provinces depuis quelques semaines \u00e0 cause du virus de la peste \u00e9quine.\u00a0\u00bbSuite aux investigations \u00e9pid\u00e9miologiques diligent\u00e9es par les services techniques du minist\u00e8re, [&hellip;]<\/p>\n","protected":false},"author":1965,"featured_media":0,"comment_status":"closed","ping_status":"closed","sticky":false,"template":"","format":"standard","meta":{"fifu_image_url":"","fifu_image_alt":"","footnotes":""},"categories":[73,82],"tags":[],"class_list":["post-29220","post","type-post","status-publish","format-standard","hentry","category-actualite","category-cameroun"],"_links":{"self":[{"href":"https:\/\/linitiative.ca\/International\/wp-json\/wp\/v2\/posts\/29220","targetHints":{"allow":["GET"]}}],"collection":[{"href":"https:\/\/linitiative.ca\/International\/wp-json\/wp\/v2\/posts"}],"about":[{"href":"https:\/\/linitiative.ca\/International\/wp-json\/wp\/v2\/types\/post"}],"author":[{"embeddable":true,"href":"https:\/\/linitiative.ca\/International\/wp-json\/wp\/v2\/users\/1965"}],"replies":[{"embeddable":true,"href":"https:\/\/linitiative.ca\/International\/wp-json\/wp\/v2\/comments?post=29220"}],"version-history":[{"count":0,"href":"https:\/\/linitiative.ca\/International\/wp-json\/wp\/v2\/posts\/29220\/revisions"}],"wp:attachment":[{"href":"https:\/\/linitiative.ca\/International\/wp-json\/wp\/v2\/media?parent=29220"}],"wp:term":[{"taxonomy":"category","embeddable":true,"href":"https:\/\/linitiative.ca\/International\/wp-json\/wp\/v2\/categories?post=29220"},{"taxonomy":"post_tag","embeddable":true,"href":"https:\/\/linitiative.ca\/International\/wp-json\/wp\/v2\/tags?post=29220"}],"curies":[{"name":"wp","href":"https:\/\/api.w.org\/{rel}","templated":true}]}}