{"id":29245,"date":"2019-04-22T06:01:24","date_gmt":"2019-04-22T10:01:24","guid":{"rendered":"https:\/\/linitiative.ca\/International\/le-palmeraie-country-club-sinvite-au-royal-golf-dar-es-salam\/"},"modified":"2019-04-22T06:01:24","modified_gmt":"2019-04-22T10:01:24","slug":"le-palmeraie-country-club-sinvite-au-royal-golf-dar-es-salam","status":"publish","type":"post","link":"https:\/\/linitiative.ca\/International\/le-palmeraie-country-club-sinvite-au-royal-golf-dar-es-salam\/","title":{"rendered":"Le Palmeraie Country Club s\u2019invite au Royal Golf Dar Es Salam"},"content":{"rendered":"<header>\n<div class=\"entry-post-meta\">\n<div class=\"author-link\">Publi\u00e9 par <a itemprop=\"author\" itemscope=\"\" itemtype=\"https:\/\/schema.org\/Person\" href=\"http:\/\/aujourdhui.ma\/profile\/kaid\" rel=\"author\"><span itemprop=\"name\">ALM<\/span><\/a><\/div>\n<p>Date\u00a0:<time content=\"2019-04-22T11:01:24+00:00\" class=\"entry-date updated\" datetime=\"2019-04-22T11:01:24+00:00\">avril 22, 2019<\/time><\/p>\n<div class=\"entry-cat\">dans:<a href=\"http:\/\/aujourdhui.ma\/category\/economie\" rel=\"category tag\">Economie<\/a><\/div>\n<p>1Vues<\/p>\n<\/div>\n<\/header>\n<div class=\"entry-content clearfix\" readability=\"50\"><img decoding=\"async\" class=\"post_layout_5_img\" src=\"http:\/\/aujourdhui.ma\/wp-content\/uploads\/2019\/04\/Le-Palmeraie-Country-Club-sinvite-au-Royal-.jpg?x29840\" alt=\"Le Palmeraie Country Club s\u2019invite au Royal Golf Dar Es Salam\"\/><\/p>\n<p><span class=\"c4\"><strong>Pour la 2\u00e8me ann\u00e9e cons\u00e9cutive, le Groupe Palmeraie D\u00e9veloppement, inspir\u00e9 de son Country Club de Bouskoura, con\u00e7oit un espace \u00e9ph\u00e9m\u00e8re, le Country Club Dar Es Salam, afin de permettre aux convives de vivre des moments uniques dans un cadre exceptionnel.<\/strong><\/span> <span id=\"more-309641\"\/><\/p>\n<p>Le Palmeraie Country Club Dar Es Salam mettra en place ainsi de la restauration et de l\u2019animation dans un espace sur deux niveaux, avec une vue imprenable sur le trou n\u00b09, avec une capacit\u00e9 d\u2019accueil de 600 personnes. Le Palmeraie Country Club Dar Es Salam proposera \u00e9galement du 25 au 27 avril un programme de brunchs et soir\u00e9es \u00e0 th\u00e8mes avec, d\u00e8s le jeudi 25, une soir\u00e9e Fuego Latino comprenant un plateau artistique diversifi\u00e9 en pr\u00e9sence de Younes Errbati, Live band The Suits, Djette et une troupe br\u00e9silienne.<\/p>\n<\/div>\n<p>Auteur: ALM<br \/>\n<a href=\"http:\/\/aujourdhui.ma\/economie\/le-palmeraie-country-club-sinvite-au-royal-golf-dar-es-salam\">Cliquez ici pour lire l&rsquo;article depuis sa source.<\/a><\/p>\n","protected":false},"excerpt":{"rendered":"<p>Publi\u00e9 par ALM Date\u00a0:avril 22, 2019 dans:Economie 1Vues Pour la 2\u00e8me ann\u00e9e cons\u00e9cutive, le Groupe Palmeraie D\u00e9veloppement, inspir\u00e9 de son Country Club de Bouskoura, con\u00e7oit un espace \u00e9ph\u00e9m\u00e8re, le Country Club Dar Es Salam, afin de permettre aux convives de vivre des moments uniques dans un cadre exceptionnel. Le Palmeraie Country Club Dar Es Salam [&hellip;]<\/p>\n","protected":false},"author":1759,"featured_media":0,"comment_status":"closed","ping_status":"closed","sticky":false,"template":"","format":"standard","meta":{"fifu_image_url":"","fifu_image_alt":"","footnotes":""},"categories":[73,54],"tags":[],"class_list":["post-29245","post","type-post","status-publish","format-standard","hentry","category-actualite","category-maroc"],"_links":{"self":[{"href":"https:\/\/linitiative.ca\/International\/wp-json\/wp\/v2\/posts\/29245","targetHints":{"allow":["GET"]}}],"collection":[{"href":"https:\/\/linitiative.ca\/International\/wp-json\/wp\/v2\/posts"}],"about":[{"href":"https:\/\/linitiative.ca\/International\/wp-json\/wp\/v2\/types\/post"}],"author":[{"embeddable":true,"href":"https:\/\/linitiative.ca\/International\/wp-json\/wp\/v2\/users\/1759"}],"replies":[{"embeddable":true,"href":"https:\/\/linitiative.ca\/International\/wp-json\/wp\/v2\/comments?post=29245"}],"version-history":[{"count":0,"href":"https:\/\/linitiative.ca\/International\/wp-json\/wp\/v2\/posts\/29245\/revisions"}],"wp:attachment":[{"href":"https:\/\/linitiative.ca\/International\/wp-json\/wp\/v2\/media?parent=29245"}],"wp:term":[{"taxonomy":"category","embeddable":true,"href":"https:\/\/linitiative.ca\/International\/wp-json\/wp\/v2\/categories?post=29245"},{"taxonomy":"post_tag","embeddable":true,"href":"https:\/\/linitiative.ca\/International\/wp-json\/wp\/v2\/tags?post=29245"}],"curies":[{"name":"wp","href":"https:\/\/api.w.org\/{rel}","templated":true}]}}