{"id":29247,"date":"2019-04-22T06:04:16","date_gmt":"2019-04-22T10:04:16","guid":{"rendered":"https:\/\/linitiative.ca\/International\/la-marque-ariston-propose-une-nouvelle-gamme-de-produits-electromenagers\/"},"modified":"2019-04-22T06:04:16","modified_gmt":"2019-04-22T10:04:16","slug":"la-marque-ariston-propose-une-nouvelle-gamme-de-produits-electromenagers","status":"publish","type":"post","link":"https:\/\/linitiative.ca\/International\/la-marque-ariston-propose-une-nouvelle-gamme-de-produits-electromenagers\/","title":{"rendered":"La marque Ariston propose une nouvelle gamme de produits \u00e9lectrom\u00e9nagers"},"content":{"rendered":"<header>\n<div class=\"entry-post-meta\">\n<div class=\"author-link\">Publi\u00e9 par <a itemprop=\"author\" itemscope=\"\" itemtype=\"https:\/\/schema.org\/Person\" href=\"http:\/\/aujourdhui.ma\/profile\/kaid\" rel=\"author\"><span itemprop=\"name\">ALM<\/span><\/a><\/div>\n<p>Date\u00a0:<time content=\"2019-04-22T11:04:16+00:00\" class=\"entry-date updated\" datetime=\"2019-04-22T11:04:16+00:00\">avril 22, 2019<\/time><\/p>\n<div class=\"entry-cat\">dans:<a href=\"http:\/\/aujourdhui.ma\/category\/economie\" rel=\"category tag\">Economie<\/a><\/div>\n<p>2Vues<\/p>\n<\/div>\n<\/header>\n<div class=\"entry-content clearfix\" readability=\"48\"><img decoding=\"async\" class=\"post_layout_5_img\" src=\"http:\/\/aujourdhui.ma\/wp-content\/uploads\/2019\/04\/Mohammed-Al-Yassir-Whirlpool-.jpg?x29840\" alt=\"La marque Ariston propose une nouvelle gamme de produits \u00e9lectrom\u00e9nagers\"\/><\/p>\n<p><span class=\"c4\"><strong>Whirlpool Maroc a renforc\u00e9 le partenariat avec le Groupe Cofarma, distributeur exclusif de sa marque italienne Ariston.<\/strong><\/span><span id=\"more-309665\"\/><\/p>\n<p>Fond\u00e9e en 1960 en tant que fabricant d\u2019appareils \u00e9lectrom\u00e9nagers, Ariston a acquis, au fil des ann\u00e9es, une tr\u00e8s solide r\u00e9putation parmi les marques europ\u00e9ennes qui op\u00e8rent dans ce secteur.<\/p>\n<p>Acquise par le Groupe Whirlpool en 2014, cette marque est devenue leader au Moyen-Orient et en Afrique du nord. Au cours de l\u2019\u00e9v\u00e9nement, plusieurs mod\u00e8les de machines \u00e0 laver de haute technologie ont \u00e9t\u00e9 d\u00e9voil\u00e9s, parmi lesquels le tout nouveau lave-linge Active sign\u00e9 Ariston. Ce dernier offre une capacit\u00e9 de lavage sup\u00e9rieure de 8 et 9 kg et est de fait capable de r\u00e9pondre aux besoins des familles nombreuses.<\/p>\n<\/div>\n<p>Auteur: ALM<br \/>\n<a href=\"http:\/\/aujourdhui.ma\/economie\/la-marque-ariston-propose-une-nouvelle-gamme-de-produits-electromenagers\">Cliquez ici pour lire l&rsquo;article depuis sa source.<\/a><\/p>\n","protected":false},"excerpt":{"rendered":"<p>Publi\u00e9 par ALM Date\u00a0:avril 22, 2019 dans:Economie 2Vues Whirlpool Maroc a renforc\u00e9 le partenariat avec le Groupe Cofarma, distributeur exclusif de sa marque italienne Ariston. Fond\u00e9e en 1960 en tant que fabricant d\u2019appareils \u00e9lectrom\u00e9nagers, Ariston a acquis, au fil des ann\u00e9es, une tr\u00e8s solide r\u00e9putation parmi les marques europ\u00e9ennes qui op\u00e8rent dans ce secteur. Acquise [&hellip;]<\/p>\n","protected":false},"author":1759,"featured_media":0,"comment_status":"closed","ping_status":"closed","sticky":false,"template":"","format":"standard","meta":{"fifu_image_url":"","fifu_image_alt":"","footnotes":""},"categories":[73,54],"tags":[],"class_list":["post-29247","post","type-post","status-publish","format-standard","hentry","category-actualite","category-maroc"],"_links":{"self":[{"href":"https:\/\/linitiative.ca\/International\/wp-json\/wp\/v2\/posts\/29247","targetHints":{"allow":["GET"]}}],"collection":[{"href":"https:\/\/linitiative.ca\/International\/wp-json\/wp\/v2\/posts"}],"about":[{"href":"https:\/\/linitiative.ca\/International\/wp-json\/wp\/v2\/types\/post"}],"author":[{"embeddable":true,"href":"https:\/\/linitiative.ca\/International\/wp-json\/wp\/v2\/users\/1759"}],"replies":[{"embeddable":true,"href":"https:\/\/linitiative.ca\/International\/wp-json\/wp\/v2\/comments?post=29247"}],"version-history":[{"count":0,"href":"https:\/\/linitiative.ca\/International\/wp-json\/wp\/v2\/posts\/29247\/revisions"}],"wp:attachment":[{"href":"https:\/\/linitiative.ca\/International\/wp-json\/wp\/v2\/media?parent=29247"}],"wp:term":[{"taxonomy":"category","embeddable":true,"href":"https:\/\/linitiative.ca\/International\/wp-json\/wp\/v2\/categories?post=29247"},{"taxonomy":"post_tag","embeddable":true,"href":"https:\/\/linitiative.ca\/International\/wp-json\/wp\/v2\/tags?post=29247"}],"curies":[{"name":"wp","href":"https:\/\/api.w.org\/{rel}","templated":true}]}}