{"id":29255,"date":"2019-04-22T04:02:50","date_gmt":"2019-04-22T08:02:50","guid":{"rendered":"https:\/\/linitiative.ca\/International\/sante-des-nourrissons-campagne-de-vaccination-contre-le-pneumocoque\/"},"modified":"2019-04-22T04:02:50","modified_gmt":"2019-04-22T08:02:50","slug":"sante-des-nourrissons-campagne-de-vaccination-contre-le-pneumocoque","status":"publish","type":"post","link":"https:\/\/linitiative.ca\/International\/sante-des-nourrissons-campagne-de-vaccination-contre-le-pneumocoque\/","title":{"rendered":"Sant\u00e9 des nourrissons : Campagne de vaccination contre le pneumocoque"},"content":{"rendered":"<p>Le minist\u00e8re de la sant\u00e9 publique entame \u00e0 partir du 24 avril courant dans tous les centres de sant\u00e9 de base, une campagne de vaccination contre le pneumocoque au profit des nourrissons \u00e2g\u00e9s de deux mois<\/p>\n<p>Le minist\u00e8re de la sant\u00e9 a annonc\u00e9, dans un communiqu\u00e9, que ce vaccin a \u00e9t\u00e9 introduit dans le calendrier national de vaccination. \u00ab Il est administr\u00e9 en trois doses qui varient selon \u00e2ge de l\u2019enfant\u00a0: deux mois, quatre mois et 11 mois, ajoute le communiqu\u00e9, pr\u00e9cisant que le budget annuel de ce vaccin, soit 25 MD, est pris en charge par l\u2019\u00e9tat.<\/p>\n<p>Selon ce communiqu\u00e9, le vaccin contre le pneumocoque permettra d\u2019\u00e9viter certaines cas d\u2019inflammations invasives, tels que la m\u00e9ningite et les pneumonies occasionn\u00e9es par le pneumocoque et aussi de pr\u00e9venir les inflammations causant les otites et de r\u00e9duire les risques de contamination chez les personnes \u00e2g\u00e9es.<\/p>\n<p>Il permettra de r\u00e9duire la consommation des antibiotiques et de lutter contre l\u2019accroissement des r\u00e9sistances aux antibiotiques \u00bb, lit-on dans le communiqu\u00e9.<\/p>\n<p>Le minist\u00e8re de la sant\u00e9 a rappel\u00e9 dans ce contexte la n\u00e9cessit\u00e9 de respecter les d\u00e9lais de vaccinations inscrites dans le calendrier national de vaccinations en vue de prot\u00e9ger les enfants contre les maladies.<\/p>\n<p class=\"dpsp-share-text\">Partager c&rsquo;est aimer!<\/p>\n<div class=\"wp-post-author-wrap wp-post-author-shortcode left\">\n<h3 class=\"awpa-title\"\/>\n<div class=\"wp-post-author\">\n<div class=\"awpa-img awpa-author-block square\"><a href=\"http:\/\/lexpertjournal.net\/fr\/author\/expert\/\"><img loading=\"lazy\" decoding=\"async\" alt=\"\" src=\"http:\/\/2.gravatar.com\/avatar\/56d99be2a6f97af88ccb49fada637fcd?s=150&#038;d=mm&#038;r=g\" srcset=\"http:\/\/2.gravatar.com\/avatar\/56d99be2a6f97af88ccb49fada637fcd?s=300&#038;d=mm&#038;r=g 2x\" class=\"avatar avatar-150 photo\" height=\"150\" width=\"150\"\/><\/a><\/div>\n<\/div>\n<\/div>\n<p>Auteur: L&rsquo;expert<br \/>\n<a href=\"http:\/\/lexpertjournal.net\/fr\/2019\/04\/22\/sante-des-nourrissons-campagne-de-vaccination-contre-le-pneumocoque\/\">Cliquez ici pour lire l&rsquo;article depuis sa source.<\/a><\/p>\n","protected":false},"excerpt":{"rendered":"<p>Le minist\u00e8re de la sant\u00e9 publique entame \u00e0 partir du 24 avril courant dans tous les centres de sant\u00e9 de base, une campagne de vaccination contre le pneumocoque au profit des nourrissons \u00e2g\u00e9s de deux mois Le minist\u00e8re de la sant\u00e9 a annonc\u00e9, dans un communiqu\u00e9, que ce vaccin a \u00e9t\u00e9 introduit dans le calendrier [&hellip;]<\/p>\n","protected":false},"author":1775,"featured_media":0,"comment_status":"closed","ping_status":"closed","sticky":false,"template":"","format":"standard","meta":{"fifu_image_url":"","fifu_image_alt":"","footnotes":""},"categories":[78,55],"tags":[],"class_list":["post-29255","post","type-post","status-publish","format-standard","hentry","category-economie","category-tunisie"],"_links":{"self":[{"href":"https:\/\/linitiative.ca\/International\/wp-json\/wp\/v2\/posts\/29255","targetHints":{"allow":["GET"]}}],"collection":[{"href":"https:\/\/linitiative.ca\/International\/wp-json\/wp\/v2\/posts"}],"about":[{"href":"https:\/\/linitiative.ca\/International\/wp-json\/wp\/v2\/types\/post"}],"author":[{"embeddable":true,"href":"https:\/\/linitiative.ca\/International\/wp-json\/wp\/v2\/users\/1775"}],"replies":[{"embeddable":true,"href":"https:\/\/linitiative.ca\/International\/wp-json\/wp\/v2\/comments?post=29255"}],"version-history":[{"count":0,"href":"https:\/\/linitiative.ca\/International\/wp-json\/wp\/v2\/posts\/29255\/revisions"}],"wp:attachment":[{"href":"https:\/\/linitiative.ca\/International\/wp-json\/wp\/v2\/media?parent=29255"}],"wp:term":[{"taxonomy":"category","embeddable":true,"href":"https:\/\/linitiative.ca\/International\/wp-json\/wp\/v2\/categories?post=29255"},{"taxonomy":"post_tag","embeddable":true,"href":"https:\/\/linitiative.ca\/International\/wp-json\/wp\/v2\/tags?post=29255"}],"curies":[{"name":"wp","href":"https:\/\/api.w.org\/{rel}","templated":true}]}}