{"id":29256,"date":"2019-04-22T04:06:58","date_gmt":"2019-04-22T08:06:58","guid":{"rendered":"https:\/\/linitiative.ca\/International\/forces-de-securite-interieure-63-eme-anniversaire-sous-le-signe-de-vigilance-pour-proteger-la-patrie\/"},"modified":"2019-04-22T04:06:58","modified_gmt":"2019-04-22T08:06:58","slug":"forces-de-securite-interieure-63-eme-anniversaire-sous-le-signe-de-vigilance-pour-proteger-la-patrie","status":"publish","type":"post","link":"https:\/\/linitiative.ca\/International\/forces-de-securite-interieure-63-eme-anniversaire-sous-le-signe-de-vigilance-pour-proteger-la-patrie\/","title":{"rendered":"Forces de s\u00e9curit\u00e9 int\u00e9rieure : 63 \u00e8me anniversaire sous le signe de \u00ab Vigilance pour prot\u00e9ger la patrie \u00bb"},"content":{"rendered":"<p>Les forces de s\u00e9curit\u00e9 int\u00e9rieure sont le rempart du pays contre le crime de toutes sortes. Leurs interventions sont toujours marqu\u00e9es par l\u2019efficacit\u00e9 et la perspicacit\u00e9, pour faire face \u00e0 tous les d\u00e9lits pouvant perturber la qui\u00e9tude du citoyen.<\/p>\n<p>Dans le cadre des festivit\u00e9s marquant le 63e anniversaire de la cr\u00e9ation des forces de s\u00e9curit\u00e9 int\u00e9rieure plac\u00e9es sous le slogan \u00ab vigilance pour prot\u00e9ger la patrie \u00bb, le ministre de l\u2019Int\u00e9rieur Hicham Fourati a assist\u00e9 hier soir, \u00e0 la salle de sport de la Goulette, \u00e0 la c\u00e9r\u00e9monie de remise de la coupe du minist\u00e8re de l\u2019Int\u00e9rieur de handball f\u00e9minin.<\/p>\n<p>Des prix et des troph\u00e9es ont \u00e9t\u00e9 remis, par la m\u00eame occasion, aux vainqueurs dans les autres comp\u00e9titions de cross, tir, mini-football, judo, chun kung fu, p\u00e9tanque, handball masculin, basket-ball, tennis et \u00e9checs, indique un communiqu\u00e9 du d\u00e9partement de l\u2019int\u00e9rieur.<\/p>\n<p>Le ministre de l\u2019Int\u00e9rieur s\u2019est rendu auparavant au si\u00e8ge de la Direction g\u00e9n\u00e9rale des unit\u00e9s d\u2019intervention de la s\u00e9curit\u00e9 nationale \u00e0 Bouchoucha et au si\u00e8ge de la Direction g\u00e9n\u00e9rale de la Garde nationale de l\u2019Aouina o\u00f9 il a d\u00e9pos\u00e9 des gerbes de fleurs \u00e0 la m\u00e9moire des martyrs de l\u2019institution s\u00e9curitaire.<\/p>\n<p>Il a \u00e9galement inaugur\u00e9 une exposition des Forces de s\u00e9curit\u00e9 int\u00e9rieure, \u00e0 la salle d\u2019information \u00e0 l\u2019avenue Habib Bourguiba, \u00e0 Tunis.<\/p>\n<p class=\"dpsp-share-text\">Partager c&rsquo;est aimer!<\/p>\n<div class=\"wp-post-author-wrap wp-post-author-shortcode left\">\n<h3 class=\"awpa-title\"\/>\n<div class=\"wp-post-author\">\n<div class=\"awpa-img awpa-author-block square\"><a href=\"http:\/\/lexpertjournal.net\/fr\/author\/expert\/\"><img loading=\"lazy\" decoding=\"async\" alt=\"\" src=\"http:\/\/2.gravatar.com\/avatar\/56d99be2a6f97af88ccb49fada637fcd?s=150&#038;d=mm&#038;r=g\" srcset=\"http:\/\/2.gravatar.com\/avatar\/56d99be2a6f97af88ccb49fada637fcd?s=300&#038;d=mm&#038;r=g 2x\" class=\"avatar avatar-150 photo\" height=\"150\" width=\"150\"\/><\/a><\/div>\n<\/div>\n<\/div>\n<p>Auteur: L&rsquo;expert<br \/>\n<a href=\"http:\/\/lexpertjournal.net\/fr\/2019\/04\/22\/forces-de-securite-interieure-63-eme-anniversaire-sous-le-signe-de-vigilance-pour-proteger-la-patrie\/\">Cliquez ici pour lire l&rsquo;article depuis sa source.<\/a><\/p>\n","protected":false},"excerpt":{"rendered":"<p>Les forces de s\u00e9curit\u00e9 int\u00e9rieure sont le rempart du pays contre le crime de toutes sortes. Leurs interventions sont toujours marqu\u00e9es par l\u2019efficacit\u00e9 et la perspicacit\u00e9, pour faire face \u00e0 tous les d\u00e9lits pouvant perturber la qui\u00e9tude du citoyen. Dans le cadre des festivit\u00e9s marquant le 63e anniversaire de la cr\u00e9ation des forces de s\u00e9curit\u00e9 [&hellip;]<\/p>\n","protected":false},"author":1775,"featured_media":0,"comment_status":"closed","ping_status":"closed","sticky":false,"template":"","format":"standard","meta":{"fifu_image_url":"","fifu_image_alt":"","footnotes":""},"categories":[78,55],"tags":[],"class_list":["post-29256","post","type-post","status-publish","format-standard","hentry","category-economie","category-tunisie"],"_links":{"self":[{"href":"https:\/\/linitiative.ca\/International\/wp-json\/wp\/v2\/posts\/29256","targetHints":{"allow":["GET"]}}],"collection":[{"href":"https:\/\/linitiative.ca\/International\/wp-json\/wp\/v2\/posts"}],"about":[{"href":"https:\/\/linitiative.ca\/International\/wp-json\/wp\/v2\/types\/post"}],"author":[{"embeddable":true,"href":"https:\/\/linitiative.ca\/International\/wp-json\/wp\/v2\/users\/1775"}],"replies":[{"embeddable":true,"href":"https:\/\/linitiative.ca\/International\/wp-json\/wp\/v2\/comments?post=29256"}],"version-history":[{"count":0,"href":"https:\/\/linitiative.ca\/International\/wp-json\/wp\/v2\/posts\/29256\/revisions"}],"wp:attachment":[{"href":"https:\/\/linitiative.ca\/International\/wp-json\/wp\/v2\/media?parent=29256"}],"wp:term":[{"taxonomy":"category","embeddable":true,"href":"https:\/\/linitiative.ca\/International\/wp-json\/wp\/v2\/categories?post=29256"},{"taxonomy":"post_tag","embeddable":true,"href":"https:\/\/linitiative.ca\/International\/wp-json\/wp\/v2\/tags?post=29256"}],"curies":[{"name":"wp","href":"https:\/\/api.w.org\/{rel}","templated":true}]}}