{"id":29257,"date":"2019-04-22T04:10:15","date_gmt":"2019-04-22T08:10:15","guid":{"rendered":"https:\/\/linitiative.ca\/International\/transport-aerien-trafic-passager-en-baisse-et-taux-de-remplissage-en-hausse-a-tunis-aire\/"},"modified":"2019-04-22T04:10:15","modified_gmt":"2019-04-22T08:10:15","slug":"transport-aerien-trafic-passager-en-baisse-et-taux-de-remplissage-en-hausse-a-tunis-aire","status":"publish","type":"post","link":"https:\/\/linitiative.ca\/International\/transport-aerien-trafic-passager-en-baisse-et-taux-de-remplissage-en-hausse-a-tunis-aire\/","title":{"rendered":"Transport a\u00e9rien : Trafic passager en baisse et taux de remplissage en hausse \u00e0 Tunis-aire"},"content":{"rendered":"<p>Le trafic passagers du transporteur national \u00ab Tunis-air \u00bb s\u2019est inscrit en baisse de 2,7% en mars 2019, passant \u00e0 294 752 passagers contre 303 083 en mars 2018, et ce apr\u00e8s une croissance continue durant vingt-trois mois cons\u00e9cutifs et un hiver fructueux.<\/p>\n<p>Selon des donn\u00e9es publi\u00e9es par la compagnie, le trafic charter a baiss\u00e9 de 1% passant de 9 788 \u00e0 9 688 passagers.<\/p>\n<p>La baisse du trafic passagers toutes activit\u00e9s confondues a concern\u00e9 les principaux march\u00e9s desservis avec -2,3% aux niveaux des pays europ\u00e9ens (68,3% du trafic), (-7,1% pour les pays africains (15,7% du trafic) et -3,2% aux niveaux des pays du Moyen Orient, dont la part de trafic passagers est de 14,5%.<\/p>\n<p>Seule la r\u00e9gion de l\u2019Am\u00e9rique du Nord (Montr\u00e9al) dont la part de march\u00e9 ne d\u00e9passe pas 1,4%, a enregistr\u00e9 une progression de 49,4%.<\/p>\n<p>Cependant, le coefficient de remplissage toutes activit\u00e9s s\u2019est am\u00e9lior\u00e9 passant de 77,7% en mars 2018 \u00e0 79,4% en mars 2019, soit une progression de 1,7 points.<\/p>\n<p>Par ailleurs, Tunisair a achev\u00e9 la saison hiver 2018\/19 sur une augmentation de trafic, toutes activit\u00e9s confondue, de 8,3% passant de 1 215 123 passagers en hiver 2017\/18, \u00e0 1 316 191 passagers en hiver 18\/19, soit 101 068 passagers en plus et un coefficient de remplissage en hausse de 1,9 point \u00e0 74,7%.<\/p>\n<p>Les vols Tunisair qui accusent depuis plus d\u2019une ann\u00e9e des retards syst\u00e9matiques, ont enregistr\u00e9 du 13 au 16 avril 2019, des perturbations importantes, en raison d\u2019une gr\u00e8ve impr\u00e9vue des pilotes et d\u2019autres probl\u00e8mes aux niveaux de la gestion de ses ressources, selon ses responsables.<\/p>\n<p class=\"dpsp-share-text\">Partager c&rsquo;est aimer!<\/p>\n<div class=\"wp-post-author-wrap wp-post-author-shortcode left\">\n<h3 class=\"awpa-title\"\/>\n<div class=\"wp-post-author\">\n<div class=\"awpa-img awpa-author-block square\"><a href=\"http:\/\/lexpertjournal.net\/fr\/author\/expert\/\"><img loading=\"lazy\" decoding=\"async\" alt=\"\" src=\"http:\/\/2.gravatar.com\/avatar\/56d99be2a6f97af88ccb49fada637fcd?s=150&#038;d=mm&#038;r=g\" srcset=\"http:\/\/2.gravatar.com\/avatar\/56d99be2a6f97af88ccb49fada637fcd?s=300&#038;d=mm&#038;r=g 2x\" class=\"avatar avatar-150 photo\" height=\"150\" width=\"150\"\/><\/a><\/div>\n<\/div>\n<\/div>\n<p>Auteur: L&rsquo;expert<br \/>\n<a href=\"http:\/\/lexpertjournal.net\/fr\/2019\/04\/22\/transport-aerien-trafic-passager-en-baisse-et-taux-de-remplissage-en-hausse-a-tunis-aire\/\">Cliquez ici pour lire l&rsquo;article depuis sa source.<\/a><\/p>\n","protected":false},"excerpt":{"rendered":"<p>Le trafic passagers du transporteur national \u00ab Tunis-air \u00bb s\u2019est inscrit en baisse de 2,7% en mars 2019, passant \u00e0 294 752 passagers contre 303 083 en mars 2018, et ce apr\u00e8s une croissance continue durant vingt-trois mois cons\u00e9cutifs et un hiver fructueux. Selon des donn\u00e9es publi\u00e9es par la compagnie, le trafic charter a baiss\u00e9 [&hellip;]<\/p>\n","protected":false},"author":1775,"featured_media":0,"comment_status":"closed","ping_status":"closed","sticky":false,"template":"","format":"standard","meta":{"fifu_image_url":"","fifu_image_alt":"","footnotes":""},"categories":[78,55],"tags":[],"class_list":["post-29257","post","type-post","status-publish","format-standard","hentry","category-economie","category-tunisie"],"_links":{"self":[{"href":"https:\/\/linitiative.ca\/International\/wp-json\/wp\/v2\/posts\/29257","targetHints":{"allow":["GET"]}}],"collection":[{"href":"https:\/\/linitiative.ca\/International\/wp-json\/wp\/v2\/posts"}],"about":[{"href":"https:\/\/linitiative.ca\/International\/wp-json\/wp\/v2\/types\/post"}],"author":[{"embeddable":true,"href":"https:\/\/linitiative.ca\/International\/wp-json\/wp\/v2\/users\/1775"}],"replies":[{"embeddable":true,"href":"https:\/\/linitiative.ca\/International\/wp-json\/wp\/v2\/comments?post=29257"}],"version-history":[{"count":0,"href":"https:\/\/linitiative.ca\/International\/wp-json\/wp\/v2\/posts\/29257\/revisions"}],"wp:attachment":[{"href":"https:\/\/linitiative.ca\/International\/wp-json\/wp\/v2\/media?parent=29257"}],"wp:term":[{"taxonomy":"category","embeddable":true,"href":"https:\/\/linitiative.ca\/International\/wp-json\/wp\/v2\/categories?post=29257"},{"taxonomy":"post_tag","embeddable":true,"href":"https:\/\/linitiative.ca\/International\/wp-json\/wp\/v2\/tags?post=29257"}],"curies":[{"name":"wp","href":"https:\/\/api.w.org\/{rel}","templated":true}]}}