{"id":29264,"date":"2019-04-22T04:29:49","date_gmt":"2019-04-22T08:29:49","guid":{"rendered":"https:\/\/linitiative.ca\/International\/mehdi-jomaa-en-campagne-a-sousse-al-badil-ettounsi-avec-ses-propres-listes-aux-legislatives\/"},"modified":"2019-04-22T04:29:49","modified_gmt":"2019-04-22T08:29:49","slug":"mehdi-jomaa-en-campagne-a-sousse-al-badil-ettounsi-avec-ses-propres-listes-aux-legislatives","status":"publish","type":"post","link":"https:\/\/linitiative.ca\/International\/mehdi-jomaa-en-campagne-a-sousse-al-badil-ettounsi-avec-ses-propres-listes-aux-legislatives\/","title":{"rendered":"Mehdi Jomaa en campagne \u00e0 Sousse Al Badil Ettounsi avec ses propres listes aux l\u00e9gislatives"},"content":{"rendered":"<p>Le pr\u00e9sident fondateur du Parti Al Badil Ettounsi et ancien chef de gouvernement Mehdi Jomaa a annonc\u00e9 lors d\u2019un meeting populaire organis\u00e9 au palais des foires \u00e0 Sousse, hier, que le parti participera aux prochaines \u00e9lections l\u00e9gislatives dans toutes les circonscriptions avec des listes priorisant les comp\u00e9tences du parti tout en restant ouvert \u00e0 toutes les potentielles alliances \u00e9lectorales qui partagent avec Al Badil la m\u00eame vision et les m\u00eames programmes.<\/p>\n<p>Jomaa a assur\u00e9 dans ce cadre, l\u2019absence de toutes n\u00e9gociations s\u00e9rieuses durant cette derni\u00e8re p\u00e9riode avec aucune partie. Ceci \u00e9tant donn\u00e9 que Nidaa Toun\u00e8s est occup\u00e9 avec la crise de ses factions, et que Tahya Toun\u00e8s, ou le parti du gouvernement, est encore en phase de construction et qu\u2019il doit garantir sa non-instrumentalisation des moyens de l\u2019Etat dans sa campagne \u00e9lectorale et la s\u00e9paration entre le parti et l\u2019appareil ex\u00e9cutif de l\u2019Etat.<\/p>\n<p>Quant aux autres partis centristes, un appel de la derni\u00e8re chance leur a \u00e9t\u00e9 adress\u00e9 pour former une large alliance \u00e9lectorale. Partant de sa conviction de former une majorit\u00e9 qui puisse \u00eatre une alternative au gouvernement de l\u2019\u00e9chec actuel et qui limite l\u2019\u00e9clatement parlementaire emp\u00eachant l\u2019appui politique dont le prochain gouvernement a besoin pour reconstruire et r\u00e9former.<\/p>\n<p>Abordant la situation g\u00e9n\u00e9rale du pays, Mehdi Jomaa a consid\u00e9r\u00e9 que c\u2019est le r\u00e9sultat de l\u2019\u00e9chec de la politique qui se refl\u00e8te aujourd\u2019hui, \u00e0 travers la d\u00e9gradation du pouvoir d\u2019achat du Tunisien et les indicateurs \u00e9conomiques catastrophiques, ce qui a men\u00e9 \u00e0 l\u2019affaiblissement du r\u00f4le social de l\u2019Etat. Il a point\u00e9 du doigt la flamb\u00e9e des prix et le retour de la r\u00e9pression des mouvements sociaux et la politique de diabolisation de l\u2019opposition.<\/p>\n<p>D\u2019autre part, Mehdi Jomaa a insist\u00e9 sur le fait que ce gouvernement utilise la lutte contre la corruption pour cacher son \u00e9chec \u00e0 r\u00e9soudre les probl\u00e8mes \u00e9conomiques et sociaux des citoyens. Il a aussi critiqu\u00e9 l\u2019incapacit\u00e9 du gouvernement \u00e0 mettre en \u0153uvre les grandes r\u00e9formes et \u00e0 changer le quotidien des Tunisiens, tout en consid\u00e9rant que ce gouvernement n\u2019a m\u00eame pas pu finaliser le processus constitutionnel, en mettant en place la cour constitutionnelle et la haute instance de la communication audiovisuelle.<\/p>\n<p>Il a, en outre, appel\u00e9 le gouvernement \u00e0 instaurer le climat propice \u00e0 l\u2019organisation des \u00e9lections et \u00e0 garantir la neutralit\u00e9 de l\u2019administration, de l\u2019appareil de l\u2019Etat et de la justice sans chercher \u00e0 restreindre l\u2019action de l\u2019opposition. Il a aussi demand\u00e9 au chef du gouvernement de clarifier sa relation avec le parti Tahya Toun\u00e8s.<\/p>\n<p>En conclusion, Mehdi Jomaa a pr\u00e9sent\u00e9 les grandes lignes de la vision de son parti et ses orientations \u00e9conomiques et sociales qui \u00e9taient le fruit du travail des experts du parti et de ses comp\u00e9tences, ainsi que son programme des rencontres avec des tunisiennes et tunisiens dans les diff\u00e9rentes r\u00e9gions de la Tunisie.<\/p>\n<p class=\"dpsp-share-text\">Partager c&rsquo;est aimer!<\/p>\n<div class=\"wp-post-author-wrap wp-post-author-shortcode left\">\n<h3 class=\"awpa-title\"\/>\n<div class=\"wp-post-author\">\n<div class=\"awpa-img awpa-author-block square\"><a href=\"http:\/\/lexpertjournal.net\/fr\/author\/expert\/\"><img loading=\"lazy\" decoding=\"async\" alt=\"\" src=\"http:\/\/2.gravatar.com\/avatar\/56d99be2a6f97af88ccb49fada637fcd?s=150&#038;d=mm&#038;r=g\" srcset=\"http:\/\/2.gravatar.com\/avatar\/56d99be2a6f97af88ccb49fada637fcd?s=300&#038;d=mm&#038;r=g 2x\" class=\"avatar avatar-150 photo\" height=\"150\" width=\"150\"\/><\/a><\/div>\n<\/div>\n<\/div>\n<p>Auteur: L&rsquo;expert<br \/>\n<a href=\"http:\/\/lexpertjournal.net\/fr\/2019\/04\/22\/mehdi-jomaa-en-campagne-a-sousse-al-badil-ettounsi-avec-ses-propres-listes-aux-legislatives\/\">Cliquez ici pour lire l&rsquo;article depuis sa source.<\/a><\/p>\n","protected":false},"excerpt":{"rendered":"<p>Le pr\u00e9sident fondateur du Parti Al Badil Ettounsi et ancien chef de gouvernement Mehdi Jomaa a annonc\u00e9 lors d\u2019un meeting populaire organis\u00e9 au palais des foires \u00e0 Sousse, hier, que le parti participera aux prochaines \u00e9lections l\u00e9gislatives dans toutes les circonscriptions avec des listes priorisant les comp\u00e9tences du parti tout en restant ouvert \u00e0 toutes [&hellip;]<\/p>\n","protected":false},"author":1775,"featured_media":0,"comment_status":"closed","ping_status":"closed","sticky":false,"template":"","format":"standard","meta":{"fifu_image_url":"","fifu_image_alt":"","footnotes":""},"categories":[78,55],"tags":[],"class_list":["post-29264","post","type-post","status-publish","format-standard","hentry","category-economie","category-tunisie"],"_links":{"self":[{"href":"https:\/\/linitiative.ca\/International\/wp-json\/wp\/v2\/posts\/29264","targetHints":{"allow":["GET"]}}],"collection":[{"href":"https:\/\/linitiative.ca\/International\/wp-json\/wp\/v2\/posts"}],"about":[{"href":"https:\/\/linitiative.ca\/International\/wp-json\/wp\/v2\/types\/post"}],"author":[{"embeddable":true,"href":"https:\/\/linitiative.ca\/International\/wp-json\/wp\/v2\/users\/1775"}],"replies":[{"embeddable":true,"href":"https:\/\/linitiative.ca\/International\/wp-json\/wp\/v2\/comments?post=29264"}],"version-history":[{"count":0,"href":"https:\/\/linitiative.ca\/International\/wp-json\/wp\/v2\/posts\/29264\/revisions"}],"wp:attachment":[{"href":"https:\/\/linitiative.ca\/International\/wp-json\/wp\/v2\/media?parent=29264"}],"wp:term":[{"taxonomy":"category","embeddable":true,"href":"https:\/\/linitiative.ca\/International\/wp-json\/wp\/v2\/categories?post=29264"},{"taxonomy":"post_tag","embeddable":true,"href":"https:\/\/linitiative.ca\/International\/wp-json\/wp\/v2\/tags?post=29264"}],"curies":[{"name":"wp","href":"https:\/\/api.w.org\/{rel}","templated":true}]}}