{"id":29273,"date":"2019-04-22T06:00:00","date_gmt":"2019-04-22T10:00:00","guid":{"rendered":"https:\/\/linitiative.ca\/International\/un-japonais-premier-navigateur-aveugle-a-traverser-le-pacifique\/"},"modified":"2019-04-22T06:00:00","modified_gmt":"2019-04-22T10:00:00","slug":"un-japonais-premier-navigateur-aveugle-a-traverser-le-pacifique","status":"publish","type":"post","link":"https:\/\/linitiative.ca\/International\/un-japonais-premier-navigateur-aveugle-a-traverser-le-pacifique\/","title":{"rendered":"Un Japonais, premier navigateur aveugle \u00e0 traverser le Pacifique"},"content":{"rendered":"<div id=\"originalText\" readability=\"45\">\n<p class=\"c10\">Un navigateur japonais est devenu samedi le premier non-voyant \u00e0 r\u00e9aliser une travers\u00e9e sans arr\u00eat de l&rsquo;oc\u00e9an Pacifique \u00e0 bord d&rsquo;un voilier, a rapport\u00e9 la presse japonaise. Mitsuhiro Iwamoto, 52 ans, est arriv\u00e9 dans la matin\u00e9e dans le port de Fukushima \u00e0 bord de son voilier long de 12 m, environ deux mois apr\u00e8s avoir quitt\u00e9 la Californie. Mitsuhiro Iwamoto, qui r\u00e9side \u00e0 San Diego, sur la c\u00f4te pacifique de Californie, a quitt\u00e9 cette ville am\u00e9ricaine le 24 f\u00e9vrier, ensemble avec Doug Smith, un navigateur am\u00e9ricain qui l&rsquo;a aid\u00e9 oralement en lui donnant des informations comme la direction des vents. Il s&rsquo;agit de la deuxi\u00e8me tentative du navigateur japonais. Il y a 6 ans, son premier voyage avait \u00e9t\u00e9 plut\u00f4t bref et s&rsquo;est achev\u00e9 apr\u00e8s que son voilier a coul\u00e9 apr\u00e8s avoir heurt\u00e9 une baleine.\u00a0\u00a0<\/p>\n<\/div>\n<div id=\"text_core\" readability=\"45\">\n<p class=\"c10\">Un navigateur japonais est devenu samedi le premier non-voyant \u00e0 r\u00e9aliser une travers\u00e9e sans arr\u00eat de l&rsquo;oc\u00e9an Pacifique \u00e0 bord d&rsquo;un voilier, a rapport\u00e9 la presse japonaise. Mitsuhiro Iwamoto, 52 ans, est arriv\u00e9 dans la matin\u00e9e dans le port de Fukushima \u00e0 bord de son voilier long de 12 m, environ deux mois apr\u00e8s avoir quitt\u00e9 la Californie. Mitsuhiro Iwamoto, qui r\u00e9side \u00e0 San Diego, sur la c\u00f4te pacifique de Californie, a quitt\u00e9 cette ville am\u00e9ricaine le 24 f\u00e9vrier, ensemble avec Doug Smith, un navigateur am\u00e9ricain qui l&rsquo;a aid\u00e9 oralement en lui donnant des informations comme la direction des vents. Il s&rsquo;agit de la deuxi\u00e8me tentative du navigateur japonais. Il y a 6 ans, son premier voyage avait \u00e9t\u00e9 plut\u00f4t bref et s&rsquo;est achev\u00e9 apr\u00e8s que son voilier a coul\u00e9 apr\u00e8s avoir heurt\u00e9 une baleine.\u00a0\u00a0<\/p>\n<\/div>\n<p>Auteur:<br \/>\n<a href=\"https:\/\/www.liberte-algerie.com\/radar\/un-japonais-premier-navigateur-aveugle-a-traverser-le-pacifique-314371\">Cliquez ici pour lire l&rsquo;article depuis sa source.<\/a><\/p>\n","protected":false},"excerpt":{"rendered":"<p>Un navigateur japonais est devenu samedi le premier non-voyant \u00e0 r\u00e9aliser une travers\u00e9e sans arr\u00eat de l&rsquo;oc\u00e9an Pacifique \u00e0 bord d&rsquo;un voilier, a rapport\u00e9 la presse japonaise. Mitsuhiro Iwamoto, 52 ans, est arriv\u00e9 dans la matin\u00e9e dans le port de Fukushima \u00e0 bord de son voilier long de 12 m, environ deux mois apr\u00e8s avoir [&hellip;]<\/p>\n","protected":false},"author":1742,"featured_media":0,"comment_status":"closed","ping_status":"closed","sticky":false,"template":"","format":"standard","meta":{"fifu_image_url":"","fifu_image_alt":"","footnotes":""},"categories":[73,53],"tags":[],"class_list":["post-29273","post","type-post","status-publish","format-standard","hentry","category-actualite","category-algerie"],"_links":{"self":[{"href":"https:\/\/linitiative.ca\/International\/wp-json\/wp\/v2\/posts\/29273","targetHints":{"allow":["GET"]}}],"collection":[{"href":"https:\/\/linitiative.ca\/International\/wp-json\/wp\/v2\/posts"}],"about":[{"href":"https:\/\/linitiative.ca\/International\/wp-json\/wp\/v2\/types\/post"}],"author":[{"embeddable":true,"href":"https:\/\/linitiative.ca\/International\/wp-json\/wp\/v2\/users\/1742"}],"replies":[{"embeddable":true,"href":"https:\/\/linitiative.ca\/International\/wp-json\/wp\/v2\/comments?post=29273"}],"version-history":[{"count":0,"href":"https:\/\/linitiative.ca\/International\/wp-json\/wp\/v2\/posts\/29273\/revisions"}],"wp:attachment":[{"href":"https:\/\/linitiative.ca\/International\/wp-json\/wp\/v2\/media?parent=29273"}],"wp:term":[{"taxonomy":"category","embeddable":true,"href":"https:\/\/linitiative.ca\/International\/wp-json\/wp\/v2\/categories?post=29273"},{"taxonomy":"post_tag","embeddable":true,"href":"https:\/\/linitiative.ca\/International\/wp-json\/wp\/v2\/tags?post=29273"}],"curies":[{"name":"wp","href":"https:\/\/api.w.org\/{rel}","templated":true}]}}