{"id":29274,"date":"2019-04-22T06:00:00","date_gmt":"2019-04-22T10:00:00","guid":{"rendered":"https:\/\/linitiative.ca\/International\/colere-chez-les-presidents-de-ligue\/"},"modified":"2019-04-22T06:00:00","modified_gmt":"2019-04-22T10:00:00","slug":"colere-chez-les-presidents-de-ligue","status":"publish","type":"post","link":"https:\/\/linitiative.ca\/International\/colere-chez-les-presidents-de-ligue\/","title":{"rendered":"Col\u00e8re chez les pr\u00e9sidents de ligue"},"content":{"rendered":"<div id=\"originalText\" readability=\"40\">\n<p class=\"c10\">Pas moins de 11 pr\u00e9sidents de ligue et de 4 clubs de cyclisme se sont \u00e9lev\u00e9s contre la tenue de l\u2019assembl\u00e9e g\u00e9n\u00e9rale extraordinaire \u00e9lective, pr\u00e9vue samedi au si\u00e8ge du Comit\u00e9 olympique alg\u00e9rien pour \u00e9lire un nouveau pr\u00e9sident de la F\u00e9d\u00e9ration alg\u00e9rienne de cyclisme. Les contestataires soutiennent que la prochaine AGE est antir\u00e9glementaire, puisqu\u2019elle a \u00e9t\u00e9 convoqu\u00e9e jeudi dernier par une assembl\u00e9e dont le quorum n\u2019a pas \u00e9t\u00e9 atteint. \u201cLes 2\/3 des membres de l\u2019AG \u00e9taient absents jeudi, seulement 6 pr\u00e9sidents de ligue \u00e9taient pr\u00e9sents. La r\u00e9union est par cons\u00e9quent entach\u00e9e d\u2019irr\u00e9gularit\u00e9, donc elle est caduque et non avenue\u201d, d\u00e9noncera un pr\u00e9sident de club qui interpellera les pouvoirs publics pour \u201carr\u00eater cette mascarade\u201d.<\/p>\n<\/div>\n<div id=\"text_core\" readability=\"40\">\n<p class=\"c10\">Pas moins de 11 pr\u00e9sidents de ligue et de 4 clubs de cyclisme se sont \u00e9lev\u00e9s contre la tenue de l\u2019assembl\u00e9e g\u00e9n\u00e9rale extraordinaire \u00e9lective, pr\u00e9vue samedi au si\u00e8ge du Comit\u00e9 olympique alg\u00e9rien pour \u00e9lire un nouveau pr\u00e9sident de la F\u00e9d\u00e9ration alg\u00e9rienne de cyclisme. Les contestataires soutiennent que la prochaine AGE est antir\u00e9glementaire, puisqu\u2019elle a \u00e9t\u00e9 convoqu\u00e9e jeudi dernier par une assembl\u00e9e dont le quorum n\u2019a pas \u00e9t\u00e9 atteint. \u201cLes 2\/3 des membres de l\u2019AG \u00e9taient absents jeudi, seulement 6 pr\u00e9sidents de ligue \u00e9taient pr\u00e9sents. La r\u00e9union est par cons\u00e9quent entach\u00e9e d\u2019irr\u00e9gularit\u00e9, donc elle est caduque et non avenue\u201d, d\u00e9noncera un pr\u00e9sident de club qui interpellera les pouvoirs publics pour \u201carr\u00eater cette mascarade\u201d.<\/p>\n<\/div>\n<p>Auteur:<br \/>\n<a href=\"https:\/\/www.liberte-algerie.com\/radar\/colere-chez-les-presidents-de-ligue-314370\">Cliquez ici pour lire l&rsquo;article depuis sa source.<\/a><\/p>\n","protected":false},"excerpt":{"rendered":"<p>Pas moins de 11 pr\u00e9sidents de ligue et de 4 clubs de cyclisme se sont \u00e9lev\u00e9s contre la tenue de l\u2019assembl\u00e9e g\u00e9n\u00e9rale extraordinaire \u00e9lective, pr\u00e9vue samedi au si\u00e8ge du Comit\u00e9 olympique alg\u00e9rien pour \u00e9lire un nouveau pr\u00e9sident de la F\u00e9d\u00e9ration alg\u00e9rienne de cyclisme. Les contestataires soutiennent que la prochaine AGE est antir\u00e9glementaire, puisqu\u2019elle a \u00e9t\u00e9 [&hellip;]<\/p>\n","protected":false},"author":1742,"featured_media":0,"comment_status":"closed","ping_status":"closed","sticky":false,"template":"","format":"standard","meta":{"fifu_image_url":"","fifu_image_alt":"","footnotes":""},"categories":[73,53],"tags":[],"class_list":["post-29274","post","type-post","status-publish","format-standard","hentry","category-actualite","category-algerie"],"_links":{"self":[{"href":"https:\/\/linitiative.ca\/International\/wp-json\/wp\/v2\/posts\/29274","targetHints":{"allow":["GET"]}}],"collection":[{"href":"https:\/\/linitiative.ca\/International\/wp-json\/wp\/v2\/posts"}],"about":[{"href":"https:\/\/linitiative.ca\/International\/wp-json\/wp\/v2\/types\/post"}],"author":[{"embeddable":true,"href":"https:\/\/linitiative.ca\/International\/wp-json\/wp\/v2\/users\/1742"}],"replies":[{"embeddable":true,"href":"https:\/\/linitiative.ca\/International\/wp-json\/wp\/v2\/comments?post=29274"}],"version-history":[{"count":0,"href":"https:\/\/linitiative.ca\/International\/wp-json\/wp\/v2\/posts\/29274\/revisions"}],"wp:attachment":[{"href":"https:\/\/linitiative.ca\/International\/wp-json\/wp\/v2\/media?parent=29274"}],"wp:term":[{"taxonomy":"category","embeddable":true,"href":"https:\/\/linitiative.ca\/International\/wp-json\/wp\/v2\/categories?post=29274"},{"taxonomy":"post_tag","embeddable":true,"href":"https:\/\/linitiative.ca\/International\/wp-json\/wp\/v2\/tags?post=29274"}],"curies":[{"name":"wp","href":"https:\/\/api.w.org\/{rel}","templated":true}]}}