{"id":29278,"date":"2019-04-22T07:21:00","date_gmt":"2019-04-22T11:21:00","guid":{"rendered":"https:\/\/linitiative.ca\/International\/cyber-attaque-contre-le-systeme-de-reservation\/"},"modified":"2019-04-22T07:21:00","modified_gmt":"2019-04-22T11:21:00","slug":"cyber-attaque-contre-le-systeme-de-reservation","status":"publish","type":"post","link":"https:\/\/linitiative.ca\/International\/cyber-attaque-contre-le-systeme-de-reservation\/","title":{"rendered":"Cyber attaque contre le syst\u00e8me de r\u00e9servation"},"content":{"rendered":"<div id=\"originalText\" readability=\"46\">\n<p>La plateforme de r\u00e9servation \u00e9lectronique de la compagnie Air Alg\u00e9rie a fait l\u2019objet de plusieurs attaques cybercriminelle, hier et aujourd\u2019hui, a annonc\u00e9 hier la compagnie.<\/p>\n<p>Ces attaques, ajoute-elle, ont \u00e9t\u00e9 confirm\u00e9es par son\u00a0prestataire TDA. \u00ab Elles ont caus\u00e9 des d\u00e9sagr\u00e9ments aux\u00a0clients et aux passagers. La faille a \u00e9t\u00e9 vite d\u00e9couverte et notre prestataire travaille \u00e0 s\u00e9curiser davantage le syst\u00e8me de r\u00e9servation \u00bb.<\/p>\n<p>La compagnie nationale a\u00e9rienne, Air Alg\u00e9rie, a d\u00e9cid\u00e9 de d\u00e9poser plainte aupr\u00e8s des autorit\u00e9s comp\u00e9tentes.<\/p>\n<p class=\"c10\"><strong>R\u00e9daction Web\u00a0<\/strong><\/p>\n<\/div>\n<div id=\"text_core\" readability=\"46\">\n<p>La plateforme de r\u00e9servation \u00e9lectronique de la compagnie Air Alg\u00e9rie a fait l\u2019objet de plusieurs attaques cybercriminelle, hier et aujourd\u2019hui, a annonc\u00e9 hier la compagnie.<\/p>\n<p>Ces attaques, ajoute-elle, ont \u00e9t\u00e9 confirm\u00e9es par son\u00a0prestataire TDA. \u00ab Elles ont caus\u00e9 des d\u00e9sagr\u00e9ments aux\u00a0clients et aux passagers. La faille a \u00e9t\u00e9 vite d\u00e9couverte et notre prestataire travaille \u00e0 s\u00e9curiser davantage le syst\u00e8me de r\u00e9servation \u00bb.<\/p>\n<p>La compagnie nationale a\u00e9rienne, Air Alg\u00e9rie, a d\u00e9cid\u00e9 de d\u00e9poser plainte aupr\u00e8s des autorit\u00e9s comp\u00e9tentes.<\/p>\n<p class=\"c10\"><strong>R\u00e9daction Web\u00a0<\/strong><\/p>\n<\/div>\n<p>Auteur:<br \/>\n<a href=\"https:\/\/www.liberte-algerie.com\/actualite\/cyber-attaque-contre-le-systeme-de-reservation-314418\">Cliquez ici pour lire l&rsquo;article depuis sa source.<\/a><\/p>\n","protected":false},"excerpt":{"rendered":"<p>La plateforme de r\u00e9servation \u00e9lectronique de la compagnie Air Alg\u00e9rie a fait l\u2019objet de plusieurs attaques cybercriminelle, hier et aujourd\u2019hui, a annonc\u00e9 hier la compagnie. Ces attaques, ajoute-elle, ont \u00e9t\u00e9 confirm\u00e9es par son\u00a0prestataire TDA. \u00ab Elles ont caus\u00e9 des d\u00e9sagr\u00e9ments aux\u00a0clients et aux passagers. La faille a \u00e9t\u00e9 vite d\u00e9couverte et notre prestataire travaille \u00e0 [&hellip;]<\/p>\n","protected":false},"author":1742,"featured_media":0,"comment_status":"closed","ping_status":"closed","sticky":false,"template":"","format":"standard","meta":{"fifu_image_url":"","fifu_image_alt":"","footnotes":""},"categories":[73,53],"tags":[],"class_list":["post-29278","post","type-post","status-publish","format-standard","hentry","category-actualite","category-algerie"],"_links":{"self":[{"href":"https:\/\/linitiative.ca\/International\/wp-json\/wp\/v2\/posts\/29278","targetHints":{"allow":["GET"]}}],"collection":[{"href":"https:\/\/linitiative.ca\/International\/wp-json\/wp\/v2\/posts"}],"about":[{"href":"https:\/\/linitiative.ca\/International\/wp-json\/wp\/v2\/types\/post"}],"author":[{"embeddable":true,"href":"https:\/\/linitiative.ca\/International\/wp-json\/wp\/v2\/users\/1742"}],"replies":[{"embeddable":true,"href":"https:\/\/linitiative.ca\/International\/wp-json\/wp\/v2\/comments?post=29278"}],"version-history":[{"count":0,"href":"https:\/\/linitiative.ca\/International\/wp-json\/wp\/v2\/posts\/29278\/revisions"}],"wp:attachment":[{"href":"https:\/\/linitiative.ca\/International\/wp-json\/wp\/v2\/media?parent=29278"}],"wp:term":[{"taxonomy":"category","embeddable":true,"href":"https:\/\/linitiative.ca\/International\/wp-json\/wp\/v2\/categories?post=29278"},{"taxonomy":"post_tag","embeddable":true,"href":"https:\/\/linitiative.ca\/International\/wp-json\/wp\/v2\/tags?post=29278"}],"curies":[{"name":"wp","href":"https:\/\/api.w.org\/{rel}","templated":true}]}}