{"id":29284,"date":"2019-04-22T07:05:08","date_gmt":"2019-04-22T11:05:08","guid":{"rendered":"https:\/\/linitiative.ca\/International\/latteinte-au-patrimoine-peut-conduire-a-leffacement-de-lidentite-civilisationnelle\/"},"modified":"2019-04-22T07:05:08","modified_gmt":"2019-04-22T11:05:08","slug":"latteinte-au-patrimoine-peut-conduire-a-leffacement-de-lidentite-civilisationnelle","status":"publish","type":"post","link":"https:\/\/linitiative.ca\/International\/latteinte-au-patrimoine-peut-conduire-a-leffacement-de-lidentite-civilisationnelle\/","title":{"rendered":"L\u2019atteinte au patrimoine, peut conduire \u00e0 l&rsquo;effacement de l\u2019identit\u00e9 civilisationnelle"},"content":{"rendered":"<div>\n<div class=\"K2FeedImage\"><img decoding=\"async\" src=\"http:\/\/www.aps.dz\/media\/k2\/items\/cache\/8086d22f837274da3efd777fae779565_S.jpg\" alt=\"L\u2019atteinte au patrimoine, peut conduire \u00e0 l'effacement de l\u2019identit\u00e9 civilisationnelle\"><\/div>\n<div class=\"K2FeedIntroText\">\n<p>\u00a0<\/p>\n<p><strong>BISKRA &#8211; L&rsquo;atteinte au patrimoine mat\u00e9riel et immat\u00e9riel constitue une \u00ab\u00a0tentative d\u2019effacement de l\u2019identit\u00e9 civilisationnelle\u00a0\u00bb, ont consid\u00e9r\u00e9 les intervenants au 2\u00e8me colloque national sur le patrimoine dans la r\u00e9gion des Zibans orientale, tenue dimanche \u00e0 la salle Salle Fikr oua adab de la ville de Biskra.<\/strong><\/p>\n<\/div>\n<div class=\"K2FeedFullText\">\n<p>Dans sa communication sur les efforts du Dr. Abdallah Rekibi (1928\/2011) dans l\u2019\u00e9tude du patrimoine immat\u00e9riel alg\u00e9rien, Abdelhamid Bourayou, de l\u2019universit\u00e9 d\u2019Alger, a estim\u00e9 imp\u00e9ratif d\u2019accorder de l\u2019int\u00e9r\u00eat au patrimoine de la soci\u00e9t\u00e9 alg\u00e9rienne qui \u00ab\u00a0est riche et digne d\u2019\u00eatre pr\u00e9serv\u00e9\u00a0\u00bb.<\/p>\n<blockquote>\n<p><em><strong>\u00ab\u00a0Les vestiges et monuments qu&rsquo;abrite le pays, dont notamment ceux de la localit\u00e9 de Tahouda dans la wilaya de Biskra, repr\u00e9sentent un patrimoine humain important dont la n\u00e9gligence privera les g\u00e9n\u00e9rations futures de conna\u00eetre les racines de leur civilisation\u00a0\u00bb, a ajout\u00e9 le conf\u00e9rencier.<\/strong><\/em><\/p>\n<\/blockquote>\n<p>Salim Dernouni, de l\u2019universit\u00e9 de Biskra, a estim\u00e9, pour sa part, que le patrimoine fait partie de la personnalit\u00e9 de l\u2019homme qu\u2019il faut pr\u00e9server sous ses deux aspects mat\u00e9riel et immat\u00e9riel.<\/p>\n<hr>\n<h3>Lire aussi:\u00a0<a href=\"http:\/\/www.aps.dz\/culture\/82192-patrimoine-la-situation-financiere-a-l-origine-des-retards-accuses\" target=\"_blank\" rel=\"noopener noreferrer\">Patrimoine : la situation financi\u00e8re \u00e0 l&rsquo;origine des retards accus\u00e9s<\/a><\/h3>\n<hr>\n<p>L\u2019universitaire de S\u00e9tif, Sa\u00efd Debch, a relev\u00e9 que le patrimoine refl\u00e8te l\u2019histoire, l\u2019identit\u00e9 civilisationnelle et les grandes \u0153uvres des a\u00efeux que l\u2019on ne peut n\u00e9gliger sans risquer d\u2019effacer l\u2019identit\u00e9 de la soci\u00e9t\u00e9.<\/p>\n<p>Il a insist\u00e9, \u00e0 ce propos, sur la classification des sites arch\u00e9ologiques du pays.<\/p>\n<p>Le colloque, d\u2019une journ\u00e9e, est organis\u00e9 par l\u2019association \u00ab\u00a0patrimoine des g\u00e9n\u00e9rations\u00a0\u00bb et la Direction locale de la culture dans le cadre de la c\u00e9l\u00e9bration du mois du patrimoine.<\/p>\n<\/div>\n<\/div>\n<p>Auteur:<br \/>\n<a href=\"http:\/\/www.aps.dz\/regions\/88429-l-atteinte-au-patrimoine-peut-conduire-a-l-effacement-de-l-identite-civilisationnelle\">Cliquez ici pour lire l&rsquo;article depuis sa source.<\/a><\/p>\n","protected":false},"excerpt":{"rendered":"<p>\u00a0 BISKRA &#8211; L&rsquo;atteinte au patrimoine mat\u00e9riel et immat\u00e9riel constitue une \u00ab\u00a0tentative d\u2019effacement de l\u2019identit\u00e9 civilisationnelle\u00a0\u00bb, ont consid\u00e9r\u00e9 les intervenants au 2\u00e8me colloque national sur le patrimoine dans la r\u00e9gion des Zibans orientale, tenue dimanche \u00e0 la salle Salle Fikr oua adab de la ville de Biskra. Dans sa communication sur les efforts du Dr. [&hellip;]<\/p>\n","protected":false},"author":1790,"featured_media":29285,"comment_status":"closed","ping_status":"closed","sticky":false,"template":"","format":"standard","meta":{"fifu_image_url":"","fifu_image_alt":"","footnotes":""},"categories":[53,76],"tags":[],"class_list":["post-29284","post","type-post","status-publish","format-standard","has-post-thumbnail","hentry","category-algerie","category-regions"],"_links":{"self":[{"href":"https:\/\/linitiative.ca\/International\/wp-json\/wp\/v2\/posts\/29284","targetHints":{"allow":["GET"]}}],"collection":[{"href":"https:\/\/linitiative.ca\/International\/wp-json\/wp\/v2\/posts"}],"about":[{"href":"https:\/\/linitiative.ca\/International\/wp-json\/wp\/v2\/types\/post"}],"author":[{"embeddable":true,"href":"https:\/\/linitiative.ca\/International\/wp-json\/wp\/v2\/users\/1790"}],"replies":[{"embeddable":true,"href":"https:\/\/linitiative.ca\/International\/wp-json\/wp\/v2\/comments?post=29284"}],"version-history":[{"count":0,"href":"https:\/\/linitiative.ca\/International\/wp-json\/wp\/v2\/posts\/29284\/revisions"}],"wp:featuredmedia":[{"embeddable":true,"href":"https:\/\/linitiative.ca\/International\/wp-json\/"}],"wp:attachment":[{"href":"https:\/\/linitiative.ca\/International\/wp-json\/wp\/v2\/media?parent=29284"}],"wp:term":[{"taxonomy":"category","embeddable":true,"href":"https:\/\/linitiative.ca\/International\/wp-json\/wp\/v2\/categories?post=29284"},{"taxonomy":"post_tag","embeddable":true,"href":"https:\/\/linitiative.ca\/International\/wp-json\/wp\/v2\/tags?post=29284"}],"curies":[{"name":"wp","href":"https:\/\/api.w.org\/{rel}","templated":true}]}}