{"id":29286,"date":"2019-04-22T07:25:08","date_gmt":"2019-04-22T11:25:08","guid":{"rendered":"https:\/\/linitiative.ca\/International\/ain-defla-saisie-de-pres-de-11kg-de-kif-traite-a-khemis-meliana\/"},"modified":"2019-04-22T07:25:08","modified_gmt":"2019-04-22T11:25:08","slug":"ain-defla-saisie-de-pres-de-11kg-de-kif-traite-a-khemis-meliana","status":"publish","type":"post","link":"https:\/\/linitiative.ca\/International\/ain-defla-saisie-de-pres-de-11kg-de-kif-traite-a-khemis-meliana\/","title":{"rendered":"Ain Defla: saisie de pr\u00e8s de 11kg de kif trait\u00e9 \u00e0 khemis Meliana"},"content":{"rendered":"<div>\n<div class=\"K2FeedImage\"><img decoding=\"async\" src=\"http:\/\/www.aps.dz\/media\/k2\/items\/cache\/516a0a5afcc8ab98fd79e6e204a7a1bb_S.jpg\" alt=\"Ain Defla: saisie de pr\u00e8s de 11kg de kif trait\u00e9 \u00e0 khemis Meliana\"><\/div>\n<div class=\"K2FeedIntroText\">\n<p><strong>AIN DEFLA &#8211; Les services de s\u00e9curit\u00e9 d\u2019Ain Defla ont arr\u00eat\u00e9 r\u00e9cemment un individu s&rsquo;adonnant au trafic de drogue, et saisi pr\u00e8s de 11kg de cette substance prohib\u00e9e,\u00a0 a-t-on appris dimanche de la cellule de communication de la s\u00fbret\u00e9 de wilaya.<\/strong><\/p>\n<\/div>\n<div class=\"K2FeedFullText\">\n<p>Exploitant de mani\u00e8re exhaustive des informations pr\u00e9cises faisant \u00e9tat d&rsquo;un individu (39 ans) s&rsquo;adonnant au trafic de kif trait\u00e9 \u00e0 Ain Defla, les \u00e9l\u00e9ments de la Brigade de recherches et d&rsquo;investigations (BRI) de la s\u00fbret\u00e9 de wilaya ont r\u00e9ussi \u00e0 arr\u00eater ce dernier cons\u00e9cutivement \u00e0 un barrage dress\u00e9 sur la route nationale n 4.<\/p>\n<hr>\n<h3>Lire aussi:\u00a0<a href=\"http:\/\/www.aps.dz\/societe\/88343-surete-nationale-saisie-de-44-kilos-de-kif-traite-dans-differentes-wilayas-du-pays\" target=\"_blank\" rel=\"noopener noreferrer\">S\u00fbret\u00e9 nationale: saisie de 44 kilos de kif trait\u00e9 dans diff\u00e9rentes wilayas du pays<\/a><\/h3>\n<hr>\n<p>La fouille de son v\u00e9hicule a permis de trouver 10,74 kg de kif trait\u00e9 minutieusement dissimul\u00e9e, a pr\u00e9cis\u00e9 la m\u00eame source, qui signale que son fournisseur, actuellement en fuite, est activement recherch\u00e9.<\/p>\n<p>La mise hors d&rsquo;\u00e9tat de nuire de ce criminel a permis de faire obstacle \u00e0 la cr\u00e9ation d\u2019un r\u00e9seau vers\u00e9 dans le trafic de drogue, a-t-on fait savoir, faisant \u00e9tat de la saisie de deux v\u00e9hicules qui servaient au transport de la marchandise.<\/p>\n<p>Pr\u00e9sent\u00e9 dimanche aux instances judiciaires comp\u00e9tentes du tribunal d\u2019Ain Defla, le mis en cause a \u00e9t\u00e9 plac\u00e9 sous mandat de d\u00e9p\u00f4t dans l&rsquo;attente de son jugement.<\/p>\n<\/div>\n<\/div>\n<p>Auteur:<br \/>\n<a href=\"http:\/\/www.aps.dz\/regions\/88432-ain-defla-saisie-de-pres-de-11kg-de-kif-traite-a-khemis-meliana\">Cliquez ici pour lire l&rsquo;article depuis sa source.<\/a><\/p>\n","protected":false},"excerpt":{"rendered":"<p>AIN DEFLA &#8211; Les services de s\u00e9curit\u00e9 d\u2019Ain Defla ont arr\u00eat\u00e9 r\u00e9cemment un individu s&rsquo;adonnant au trafic de drogue, et saisi pr\u00e8s de 11kg de cette substance prohib\u00e9e,\u00a0 a-t-on appris dimanche de la cellule de communication de la s\u00fbret\u00e9 de wilaya. Exploitant de mani\u00e8re exhaustive des informations pr\u00e9cises faisant \u00e9tat d&rsquo;un individu (39 ans) s&rsquo;adonnant [&hellip;]<\/p>\n","protected":false},"author":1790,"featured_media":29287,"comment_status":"closed","ping_status":"closed","sticky":false,"template":"","format":"standard","meta":{"fifu_image_url":"","fifu_image_alt":"","footnotes":""},"categories":[53,76],"tags":[],"class_list":["post-29286","post","type-post","status-publish","format-standard","has-post-thumbnail","hentry","category-algerie","category-regions"],"_links":{"self":[{"href":"https:\/\/linitiative.ca\/International\/wp-json\/wp\/v2\/posts\/29286","targetHints":{"allow":["GET"]}}],"collection":[{"href":"https:\/\/linitiative.ca\/International\/wp-json\/wp\/v2\/posts"}],"about":[{"href":"https:\/\/linitiative.ca\/International\/wp-json\/wp\/v2\/types\/post"}],"author":[{"embeddable":true,"href":"https:\/\/linitiative.ca\/International\/wp-json\/wp\/v2\/users\/1790"}],"replies":[{"embeddable":true,"href":"https:\/\/linitiative.ca\/International\/wp-json\/wp\/v2\/comments?post=29286"}],"version-history":[{"count":0,"href":"https:\/\/linitiative.ca\/International\/wp-json\/wp\/v2\/posts\/29286\/revisions"}],"wp:featuredmedia":[{"embeddable":true,"href":"https:\/\/linitiative.ca\/International\/wp-json\/"}],"wp:attachment":[{"href":"https:\/\/linitiative.ca\/International\/wp-json\/wp\/v2\/media?parent=29286"}],"wp:term":[{"taxonomy":"category","embeddable":true,"href":"https:\/\/linitiative.ca\/International\/wp-json\/wp\/v2\/categories?post=29286"},{"taxonomy":"post_tag","embeddable":true,"href":"https:\/\/linitiative.ca\/International\/wp-json\/wp\/v2\/tags?post=29286"}],"curies":[{"name":"wp","href":"https:\/\/api.w.org\/{rel}","templated":true}]}}