{"id":29290,"date":"2019-04-22T11:36:15","date_gmt":"2019-04-22T15:36:15","guid":{"rendered":"https:\/\/linitiative.ca\/International\/ain-defla-importants-degats-materiels-dans-lincendie-dun-marche\/"},"modified":"2019-04-22T11:36:15","modified_gmt":"2019-04-22T15:36:15","slug":"ain-defla-importants-degats-materiels-dans-lincendie-dun-marche","status":"publish","type":"post","link":"https:\/\/linitiative.ca\/International\/ain-defla-importants-degats-materiels-dans-lincendie-dun-marche\/","title":{"rendered":"A\u00efn Defla : importants d\u00e9g\u00e2ts mat\u00e9riels dans l\u2019incendie d\u2019un march\u00e9"},"content":{"rendered":"<div>\n<div class=\"K2FeedImage\"><img decoding=\"async\" src=\"http:\/\/www.aps.dz\/media\/k2\/items\/cache\/7081bed6fc924a74ac5489ac83d7f022_S.jpg\" alt=\"A\u00efn Defla : importants d\u00e9g\u00e2ts mat\u00e9riels dans l\u2019incendie d\u2019un march\u00e9\"><\/div>\n<div class=\"K2FeedIntroText\">\n<p>AIN DEFLA &#8211; Un incendie s\u2019est d\u00e9clar\u00e9 lundi au march\u00e9 couvert situ\u00e9 au centre-ville de A\u00efn Defla, causant d\u2019importants d\u00e9g\u00e2ts mat\u00e9riels, a-t-on constat\u00e9.<\/p>\n<\/div>\n<div class=\"K2FeedFullText\">\n<p>Le sinistre dont l\u2019origine n\u2019a encore pas \u00e9t\u00e9 d\u00e9termin\u00e9e, a caus\u00e9 la destruction de 9 locaux commerciaux ainsi que 22 \u00e9tals, a pr\u00e9cis\u00e9 l\u2019Officier de permanence\u00a0 de la direction locale de la Protection civile, le lieutenant Makhlouf Ch\u00e9rief, signalant que la c\u00e9l\u00e9rit\u00e9 de l\u2019intervention des pompiers a emp\u00each\u00e9 les flammes de se propager, aid\u00e9es en cela par les vents violents.<\/p>\n<p>Au total, 51 pompiers, 10 camions et deux ambulances ont \u00e9t\u00e9 mobilis\u00e9s dans l\u2019op\u00e9ration d\u2019extinction du sinistre qui s\u2019est \u00e9tal\u00e9e sur deux heures de temps sous la direction personnelle du directeur de la Protection civile de A\u00efn Defla, a-t-on soulign\u00e9.<\/p>\n<hr>\n<p><em><strong>Lire aussi:\u00a0<a href=\"http:\/\/www.aps.dz\/regions\/88432-ain-defla-saisie-de-pres-de-11kg-de-kif-traite-a-khemis-meliana\">Ain\u00a0<span class=\"highlight\">Defla<\/span>: saisie de pr\u00e8s de 11kg de kif trait\u00e9 \u00e0 khemis Meliana<\/a><\/strong><\/em><\/p>\n<hr>\n<p>\u00ab\u00a0En d\u00e9pit du fait que le sinistre f\u00fbt maitris\u00e9 par nos \u00e9l\u00e9ments, il n\u2019en demeure pas moins que nous avons estim\u00e9 opportun de mettre en place un dispositif de veille pour parer \u00e0 toute \u00e9ventualit\u00e9\u00a0\u00bb, a-t-il signal\u00e9, faisant \u00e9tat de l\u2019ouverture par les services de s\u00e9curit\u00e9 d\u2019une enqu\u00eate en vue d\u2019\u00e9lucider les circonstances de l\u2019incendie.<\/p>\n<p>Rencontr\u00e9s par l\u2019APS, des commer\u00e7ants dont les locaux ont \u00e9t\u00e9 calcin\u00e9s disent ne pas conna\u00eetre \u00ab\u00a0pour le moment\u00a0\u00bb la cause de l\u2019incendie, privil\u00e9giant toutefois la th\u00e8se du court-circuit.<\/p>\n<p>\u00ab\u00a0On s\u2019en remet \u00e0 Dieu, mais il est temps que les autorit\u00e9s \u00e0 charge du volet commercial se penchent sur les aires semblables \u00e0 la n\u00f4tre dont la plupart, \u00e0 l\u2019instar de celle o\u00f9 nous activions, de surcro\u00eet datant des ann\u00e9es 1980, sont d\u00e9pourvues des commodit\u00e9s les plus \u00e9l\u00e9mentaires\u00a0\u00bb, ont-ils relev\u00e9.<\/p>\n<\/div>\n<\/div>\n<p>Auteur:<br \/>\n<a href=\"http:\/\/www.aps.dz\/regions\/88456-ain-defla-d-importants-degats-materiels-dans-l-incendie-d-un-marche-couvert-de-la-ville\">Cliquez ici pour lire l&rsquo;article depuis sa source.<\/a><\/p>\n","protected":false},"excerpt":{"rendered":"<p>AIN DEFLA &#8211; Un incendie s\u2019est d\u00e9clar\u00e9 lundi au march\u00e9 couvert situ\u00e9 au centre-ville de A\u00efn Defla, causant d\u2019importants d\u00e9g\u00e2ts mat\u00e9riels, a-t-on constat\u00e9. Le sinistre dont l\u2019origine n\u2019a encore pas \u00e9t\u00e9 d\u00e9termin\u00e9e, a caus\u00e9 la destruction de 9 locaux commerciaux ainsi que 22 \u00e9tals, a pr\u00e9cis\u00e9 l\u2019Officier de permanence\u00a0 de la direction locale de la [&hellip;]<\/p>\n","protected":false},"author":1790,"featured_media":29291,"comment_status":"closed","ping_status":"closed","sticky":false,"template":"","format":"standard","meta":{"fifu_image_url":"","fifu_image_alt":"","footnotes":""},"categories":[53,76],"tags":[],"class_list":["post-29290","post","type-post","status-publish","format-standard","has-post-thumbnail","hentry","category-algerie","category-regions"],"_links":{"self":[{"href":"https:\/\/linitiative.ca\/International\/wp-json\/wp\/v2\/posts\/29290","targetHints":{"allow":["GET"]}}],"collection":[{"href":"https:\/\/linitiative.ca\/International\/wp-json\/wp\/v2\/posts"}],"about":[{"href":"https:\/\/linitiative.ca\/International\/wp-json\/wp\/v2\/types\/post"}],"author":[{"embeddable":true,"href":"https:\/\/linitiative.ca\/International\/wp-json\/wp\/v2\/users\/1790"}],"replies":[{"embeddable":true,"href":"https:\/\/linitiative.ca\/International\/wp-json\/wp\/v2\/comments?post=29290"}],"version-history":[{"count":0,"href":"https:\/\/linitiative.ca\/International\/wp-json\/wp\/v2\/posts\/29290\/revisions"}],"wp:featuredmedia":[{"embeddable":true,"href":"https:\/\/linitiative.ca\/International\/wp-json\/"}],"wp:attachment":[{"href":"https:\/\/linitiative.ca\/International\/wp-json\/wp\/v2\/media?parent=29290"}],"wp:term":[{"taxonomy":"category","embeddable":true,"href":"https:\/\/linitiative.ca\/International\/wp-json\/wp\/v2\/categories?post=29290"},{"taxonomy":"post_tag","embeddable":true,"href":"https:\/\/linitiative.ca\/International\/wp-json\/wp\/v2\/tags?post=29290"}],"curies":[{"name":"wp","href":"https:\/\/api.w.org\/{rel}","templated":true}]}}