{"id":29292,"date":"2019-04-22T11:44:23","date_gmt":"2019-04-22T15:44:23","guid":{"rendered":"https:\/\/linitiative.ca\/International\/aadl-distribution-de-2-000-logements-en-juin-prochain-a-oran\/"},"modified":"2019-04-22T11:44:23","modified_gmt":"2019-04-22T15:44:23","slug":"aadl-distribution-de-2-000-logements-en-juin-prochain-a-oran","status":"publish","type":"post","link":"https:\/\/linitiative.ca\/International\/aadl-distribution-de-2-000-logements-en-juin-prochain-a-oran\/","title":{"rendered":"AADL : distribution de 2.000 logements en juin prochain \u00e0 Oran"},"content":{"rendered":"<div>\n<div class=\"K2FeedImage\"><img decoding=\"async\" src=\"http:\/\/www.aps.dz\/media\/k2\/items\/cache\/b9b5707fceed91e0dbdf1a4b7f7ea37d_S.jpg\" alt=\"AADL : distribution de 2.000 logements en juin prochain \u00e0 Oran\"><\/div>\n<div class=\"K2FeedIntroText\">\n<p>ORAN &#8211; Quelque 2.000 logements location\/vente (AADL) seront distribu\u00e9s au mois de juin prochain au nouveau p\u00f4le urbain \u00ab\u00a0Ahmed Zabana\u00a0\u00bb de Misserghine (Oran), a-t-on appris des services de la wilaya.<\/p>\n<\/div>\n<div class=\"K2FeedFullText\">\n<p>La construction de ces logements est achev\u00e9e \u00e0 100 pour cent en attendant leur distribution avant fin juin apr\u00e8s ach\u00e8vement des travaux d\u2019am\u00e9nagement externe.<\/p>\n<p>Les m\u00eames services ont indiqu\u00e9 que le probl\u00e8me de liquidit\u00e9s est r\u00e9gl\u00e9 suite \u00e0 l\u2019affectation d\u2019enveloppes financi\u00e8res par le minist\u00e8re de tutelle pour le lancement des travaux d\u2019am\u00e9nagement externe, notamment ceux de r\u00e9alisation des r\u00e9seaux d\u2019assainissement, d&rsquo;eau potable, d\u2019\u00e9lectricit\u00e9 et de t\u00e9l\u00e9phone.<\/p>\n<p>Il est pr\u00e9vu, cette ann\u00e9e aussi, la distribution au nouveau p\u00f4le urbain \u00ab\u00a0Ahmed Zabana\u00a0\u00bb de Misserghine de 13.000 logements location\/vente (AADL) une fois les travaux de raccordement au r\u00e9seau d\u2019assainissement achev\u00e9s\u00a0 par les services des ressources en eau et autres travaux de voierie.<\/p>\n<\/div>\n<\/div>\n<p>Auteur:<br \/>\n<a href=\"http:\/\/www.aps.dz\/regions\/88457-aadl-distribution-de-2-000-logements-en-juin-prochain-a-oran\">Cliquez ici pour lire l&rsquo;article depuis sa source.<\/a><\/p>\n","protected":false},"excerpt":{"rendered":"<p>ORAN &#8211; Quelque 2.000 logements location\/vente (AADL) seront distribu\u00e9s au mois de juin prochain au nouveau p\u00f4le urbain \u00ab\u00a0Ahmed Zabana\u00a0\u00bb de Misserghine (Oran), a-t-on appris des services de la wilaya. La construction de ces logements est achev\u00e9e \u00e0 100 pour cent en attendant leur distribution avant fin juin apr\u00e8s ach\u00e8vement des travaux d\u2019am\u00e9nagement externe. Les [&hellip;]<\/p>\n","protected":false},"author":1790,"featured_media":29293,"comment_status":"closed","ping_status":"closed","sticky":false,"template":"","format":"standard","meta":{"fifu_image_url":"","fifu_image_alt":"","footnotes":""},"categories":[53,76],"tags":[],"class_list":["post-29292","post","type-post","status-publish","format-standard","has-post-thumbnail","hentry","category-algerie","category-regions"],"_links":{"self":[{"href":"https:\/\/linitiative.ca\/International\/wp-json\/wp\/v2\/posts\/29292","targetHints":{"allow":["GET"]}}],"collection":[{"href":"https:\/\/linitiative.ca\/International\/wp-json\/wp\/v2\/posts"}],"about":[{"href":"https:\/\/linitiative.ca\/International\/wp-json\/wp\/v2\/types\/post"}],"author":[{"embeddable":true,"href":"https:\/\/linitiative.ca\/International\/wp-json\/wp\/v2\/users\/1790"}],"replies":[{"embeddable":true,"href":"https:\/\/linitiative.ca\/International\/wp-json\/wp\/v2\/comments?post=29292"}],"version-history":[{"count":0,"href":"https:\/\/linitiative.ca\/International\/wp-json\/wp\/v2\/posts\/29292\/revisions"}],"wp:featuredmedia":[{"embeddable":true,"href":"https:\/\/linitiative.ca\/International\/wp-json\/"}],"wp:attachment":[{"href":"https:\/\/linitiative.ca\/International\/wp-json\/wp\/v2\/media?parent=29292"}],"wp:term":[{"taxonomy":"category","embeddable":true,"href":"https:\/\/linitiative.ca\/International\/wp-json\/wp\/v2\/categories?post=29292"},{"taxonomy":"post_tag","embeddable":true,"href":"https:\/\/linitiative.ca\/International\/wp-json\/wp\/v2\/tags?post=29292"}],"curies":[{"name":"wp","href":"https:\/\/api.w.org\/{rel}","templated":true}]}}