{"id":29317,"date":"2019-04-22T07:30:00","date_gmt":"2019-04-22T11:30:00","guid":{"rendered":"https:\/\/linitiative.ca\/International\/prete-moi-ton-reve-quand-lart-africain-rentre-a-la-maison\/"},"modified":"2019-04-22T07:30:00","modified_gmt":"2019-04-22T11:30:00","slug":"prete-moi-ton-reve-quand-lart-africain-rentre-a-la-maison","status":"publish","type":"post","link":"https:\/\/linitiative.ca\/International\/prete-moi-ton-reve-quand-lart-africain-rentre-a-la-maison\/","title":{"rendered":"\u00abPr\u00eate-moi ton r\u00eave\u00bb: Quand l\u2019art africain rentre \u00e0 la maison"},"content":{"rendered":"<div readability=\"37\">\n<p>30 artistes, 15 nationalit\u00e9s, 100 \u0153uvres expos\u00e9es, 6 pays visit\u00e9s<\/p>\n<p>Donner \u00e0 voir aux Africains de l\u2019art africain<\/p>\n<\/div>\n<div readability=\"164.5\">\n<div class=\"dnd-atom-wrapper type-image context-sdl_editor_representation atom-align-right\" contenteditable=\"false\">\n<div class=\"dnd-drop-wrapper image\"><img loading=\"lazy\" decoding=\"async\" typeof=\"foaf:Image\" class=\"img-responsive\" src=\"https:\/\/leconomiste.com\/sites\/default\/files\/eco7\/public\/thumbnails\/image\/prete-moi_ton_reve_099.jpg\" width=\"250\" height=\"369\" alt=\"prete-moi_ton_reve_099.jpg\" title=\"prete-moi_ton_reve_099.jpg\"\/><\/div>\n<\/div>\n<p class=\"rtejustify\">Il y a eu \u00abLes magiciens de la terre\u00bb, au Centre Pompidou \u00e0 Paris en 1989. Presque deux d\u00e9cennies plus tard, en 2005, l\u2019exposition \u00abAfrica remix\u00bb, pr\u00e9sent\u00e9e en Allemagne, en Grande-Bretagne, en France et au Japon. \u00abBeaut\u00e9 Congo\u00bb en 2015 par la Fondation Cartier. Seydou Keita au Grand-Palais en 2016. \u00ab100% Afrique\u00bb au Parc de La Villette \u00e0 Paris.<\/p>\n<p class=\"rtejustify\">\u00abArt\/ Afrique, le nouvel atelier\u00bb \u00e0 la Fondation Vuitton en 2017\u2026 Des expositions internationales qui ont mis en lumi\u00e8re l\u2019art contemporain africain, trop longtemps sous-estim\u00e9, voire ignor\u00e9 ou, au meilleur des cas, regard\u00e9 sous le prisme de l\u2019exotisme.<\/p>\n<p class=\"rtejustify\">Des \u00e9v\u00e8nements qui ont eu le m\u00e9rite de d\u00e9montrer au regard europ\u00e9en, centr\u00e9 sur lui-m\u00eame, qu\u2019il existe une importante sc\u00e8ne des arts contemporains non occidentale. Aujourd\u2019hui,\u00a0 les artistes africains font d\u00e9sormais l\u2019objet de foires sp\u00e9cialis\u00e9es (1:54 \u00e0 Londres, New York et d\u00e9sormais Marrakech, AKAA \u00e0 Paris, etc.).<\/p>\n<p class=\"rtejustify\">Or ces \u00e9v\u00e8nements, s\u2019ils ont eu le m\u00e9rite de mettre sur le devant de la sc\u00e8ne des artistes, dont certains aujourd\u2019hui sont de renomm\u00e9e mondiale, ont \u00e9t\u00e9 organis\u00e9s par et pour des publics occidentaux. \u00abDes expositions qui n\u2019ont jamais \u00e9t\u00e9 montr\u00e9es en Afrique. Il faut aider cette m\u00e9moire africaine, flottante, fant\u00f4me, \u00e0 rentrer \u00e0 la maison!\u00bb, s\u2019insurge Yacouba Konat\u00e9, entre autres membre du Conseil scientifique de l\u2019Acad\u00e9mie des Sciences, de la Culture et des Arts d\u2019Afrique et des Diasporas.<\/p>\n<p class=\"rtejustify\">Il est aussi commissaire g\u00e9n\u00e9ral de l\u2019exposition \u00e9v\u00e8nement \u00abPr\u00eate-moi ton r\u00eave\u00bb. Une exposition, dont l\u2019objectif est justement de donner \u00e0 voir aux Africains de l\u2019art africain. L\u2019exposition itin\u00e9rante est con\u00e7ue pour \u00eatre pr\u00e9sent\u00e9e dans plusieurs m\u00e9tropoles africaines.<\/p>\n<p class=\"rtejustify\">Elle d\u00e9marrera \u00e0 Casablanca en juin 2019 avec une trentaine d\u2019artistes les plus illustres, issus du continent ou de la diaspora, qui ont tous s\u00e9journ\u00e9 en r\u00e9sidence dans la m\u00e9tropole pour cr\u00e9er des \u0153uvres in\u00e9dites, inspir\u00e9es du th\u00e8me. Elle poursuivra son p\u00e9riple en invitant \u00e0 chacune de ses haltes (Dakar, Abidjan, Lagos, Cape Town, Adis Abeba), une grande figure et des artistes locaux \u00e0 rejoindre cette caravane artistique.<\/p>\n<p class=\"rtejustify\">\u00c0 son terme, l\u2019exposition \u00abPr\u00eate-moi Ton R\u00eave\u00bb reviendra \u00e0 Marrakech, au Maroc, enrichie par les \u0153uvres des artistes qui auront ralli\u00e9 cette odyss\u00e9e africaine, pour y \u00eatre expos\u00e9e en apoth\u00e9ose. L\u2019\u00e9v\u00e8nement est organis\u00e9 par la Fondation pour le D\u00e9veloppement de la Culture Contemporaine Africaine (FDCCA), dont c\u2019est la premi\u00e8re action annonc\u00e9e.<\/p>\n<p class=\"rtejustify\">Elle aura pour commissaire artistique Brahim Alaoui, historien d\u2019art et commissaire d\u2019exposition, largement reconnu. \u00abL\u2019exposition Pr\u00eate-moi Ton R\u00eave amorce une dynamique artistique interafricaine qui explore les expressions d\u2019un continent produisant une culture moderne nourrie de son histoire et de son imaginaire, et qui se veut ouverte sur le monde.<\/p>\n<div class=\"dnd-atom-wrapper type-image context-sdl_editor_representation\" contenteditable=\"false\" readability=\"34.5\">\n<div class=\"dnd-drop-wrapper image\"><img loading=\"lazy\" decoding=\"async\" typeof=\"foaf:Image\" class=\"img-responsive\" src=\"https:\/\/redac.leconomiste.com\/sites\/default\/files\/eco7\/public\/thumbnails\/image\/road-to-exile-099_0.jpg\" width=\"660\" height=\"330\" alt=\"road-to-exile-099.jpg\" title=\"road-to-exile-099.jpg\"\/><\/div>\n<div class=\"dnd-legend-wrapper\" contenteditable=\"true\" readability=\"14\">\n<p class=\"rtejustify\">Road to exile, 2008, de Barth\u00e9l\u00e9my Toguo. Barque en bois, ballots de tissus, bouteilles. L\u2019artiste camerounais, pr\u00e9sent dans \u00abPr\u00eate-moi ton r\u00eave\u00bb est parmi les artistes africains les plus prolifiques de sa g\u00e9n\u00e9ration <em>(Ph. DR)<\/em><\/p>\n<\/div>\n<\/div>\n<p class=\"rtejustify\">Cette exposition t\u00e9moigne de l\u2019engagement de son \u00e9cosyst\u00e8me, incluant des institutions, des galeries et des m\u00e9diateurs culturels dans la promotion de l\u2019art contemporain africain et dans la visibilit\u00e9 de ses artistes localement\u00bb, pr\u00e9cisent les commissaires.<\/p>\n<p class=\"rtejustify\">A chaque escale, \u00abPr\u00eate-moi Ton R\u00eave\u00bb int\u00e8grera quatre \u00e9v\u00e8nements: l\u2019exposition principale, un hommage \u00e0 un artiste dont la stature en fait un esprit du lieu et une exposition \u00abCarte Blanche\u00bb consacr\u00e9e \u00e0 quelques artistes du pays et port\u00e9e par un jeune commissaire r\u00e9sident et finalement des tables rondes sur des th\u00e8mes sp\u00e9cifiques en rapport avec le calendrier de l\u2019\u00e9v\u00e8nement.<\/p>\n<p class=\"rtejustify\">La conception de cette derni\u00e8re a \u00e9t\u00e9 confi\u00e9e \u00e0 Syhem Weigant, qui a imagin\u00e9 une exposition autour du th\u00e8me des \u00abVertiges de l\u2019amour\u00bb, en s\u2019inspirant des grands mouvements romantiques de l\u2019art. Elle propose comme l\u2019\u00e9crit Musset que si \u00abla vie est un sommeil, l\u2019amour en est le r\u00eave\u00bb.<\/p>\n<p class=\"rtejustify\">Alors au milieu des r\u00eaves que l\u2019Afrique peut nourrir et loin des passages oblig\u00e9s, nous parlerons ici d\u2019amour. L\u2019escale casablancaise mettra sous les feux des projecteurs les travaux d\u2019artistes contemporains marocains, Yassine Belbzioui, Hicham Berrada, M\u2019Barek Bouchichi et Mohamed El Baz. Depuis quelques ann\u00e9es, l\u2019art contemporain africain se red\u00e9couvre peu \u00e0 peu sur le continent.<\/p>\n<p class=\"rtejustify\">Consacr\u00e9 par\u00a0 la cr\u00e9ation, en 2005,\u00a0 de la Fondation Zinsou \u00e0 Cotonou au B\u00e9nin, l\u2019ouverture, en 2017, du plus grand mus\u00e9e d\u2019art contemporain africain \u00e0 Cap Town en Afrique du Sud le Zeits-MoCAA, suivi par le Macaal \u00e0 Marrakech. La m\u00eame ann\u00e9e, la manifestation \u00abL\u2019Afrique en Capitale\u00bb, \u00e0 Rabat mettait en lumi\u00e8re l\u2019art et les expressions contemporaines de l\u2019Afrique.<\/p>\n<blockquote readability=\"20\">\n<p class=\"rtecenter\"><strong><span class=\"c4\">Promouvoir l\u2019art africain<\/span><\/strong><\/p>\n<p class=\"rtejustify\">Cr\u00e9\u00e9e sous l\u2019impulsion et sous la pr\u00e9sidence effective de Son Altesse le Prince Moulay Isma\u00efl, la Fondation pour le d\u00e9veloppement de la culture contemporaine africaine (FDCCA) r\u00e9unit des passionn\u00e9s d\u2019art contemporain africain. Elle compte parmi ces membres Mohamed Bouzoubaa, pr\u00e9sident du groupe TGCC comme vice-pr\u00e9sident, Fihr Kettani, directeur g\u00e9n\u00e9ral du Studio des arts vivants et Mohamed Chaoui, initiateur du projet et directeur de la galerie 38, comme conseiller artistique de la fondation. En tout 8 personnes b\u00e9n\u00e9voles qui se sont donn\u00e9es pour principale mission de participer \u00e0 la promotion de l\u2019art contemporain en Afrique et dans le monde. La FDCCA souhaite participer \u00e0 mobiliser les diff\u00e9rentes composantes de l\u2019\u00e9cosyst\u00e8me culturel du continent afin de soutenir la dynamique artistique et encourager ainsi la collaboration culturelle panafricaine. La Fondation ambitionne, \u00e9galement, de participer \u00e0 l\u2019\u00e9mergence d\u2019une nouvelle g\u00e9n\u00e9ration de curateurs africains et au d\u00e9veloppement des m\u00e9tiers autour de l\u2019art. En impliquant des artistes reconnus \u00e0 l\u2019international et consid\u00e9r\u00e9s comme des ambassadeurs de la culture africaine, la Fondation se fixe \u00e9galement pour objectif de r\u00e9v\u00e9ler de nouveaux artistes sur le march\u00e9 et favoriser le dialogue interg\u00e9n\u00e9rationnel entre les artistes confirm\u00e9s et les artistes \u00e9mergents. A travers une programmation riche et pertinente, la FDCCA permettra \u00e9galement d\u2019attirer les collectionneurs et les amateurs d\u2019art du monde entier.\u00a0<\/p>\n<\/blockquote>\n<p class=\"rtejustify\"><em>Amine BOUSHABA<\/em><\/p>\n<\/div>\n<p>Auteur: hlafriqi<br \/>\n<a href=\"https:\/\/www.leconomiste.com\/article\/1043997-prete-moi-ton-reve-quand-l-art-africain-rentre-la-maison\">Cliquez ici pour lire l&rsquo;article depuis sa source.<\/a><\/p>\n","protected":false},"excerpt":{"rendered":"<p>30 artistes, 15 nationalit\u00e9s, 100 \u0153uvres expos\u00e9es, 6 pays visit\u00e9s Donner \u00e0 voir aux Africains de l\u2019art africain Il y a eu \u00abLes magiciens de la terre\u00bb, au Centre Pompidou \u00e0 Paris en 1989. Presque deux d\u00e9cennies plus tard, en 2005, l\u2019exposition \u00abAfrica remix\u00bb, pr\u00e9sent\u00e9e en Allemagne, en Grande-Bretagne, en France et au Japon. \u00abBeaut\u00e9 [&hellip;]<\/p>\n","protected":false},"author":1763,"featured_media":29318,"comment_status":"closed","ping_status":"closed","sticky":false,"template":"","format":"standard","meta":{"fifu_image_url":"","fifu_image_alt":"","footnotes":""},"categories":[78,54],"tags":[],"class_list":["post-29317","post","type-post","status-publish","format-standard","has-post-thumbnail","hentry","category-economie","category-maroc"],"_links":{"self":[{"href":"https:\/\/linitiative.ca\/International\/wp-json\/wp\/v2\/posts\/29317","targetHints":{"allow":["GET"]}}],"collection":[{"href":"https:\/\/linitiative.ca\/International\/wp-json\/wp\/v2\/posts"}],"about":[{"href":"https:\/\/linitiative.ca\/International\/wp-json\/wp\/v2\/types\/post"}],"author":[{"embeddable":true,"href":"https:\/\/linitiative.ca\/International\/wp-json\/wp\/v2\/users\/1763"}],"replies":[{"embeddable":true,"href":"https:\/\/linitiative.ca\/International\/wp-json\/wp\/v2\/comments?post=29317"}],"version-history":[{"count":0,"href":"https:\/\/linitiative.ca\/International\/wp-json\/wp\/v2\/posts\/29317\/revisions"}],"wp:featuredmedia":[{"embeddable":true,"href":"https:\/\/linitiative.ca\/International\/wp-json\/"}],"wp:attachment":[{"href":"https:\/\/linitiative.ca\/International\/wp-json\/wp\/v2\/media?parent=29317"}],"wp:term":[{"taxonomy":"category","embeddable":true,"href":"https:\/\/linitiative.ca\/International\/wp-json\/wp\/v2\/categories?post=29317"},{"taxonomy":"post_tag","embeddable":true,"href":"https:\/\/linitiative.ca\/International\/wp-json\/wp\/v2\/tags?post=29317"}],"curies":[{"name":"wp","href":"https:\/\/api.w.org\/{rel}","templated":true}]}}