{"id":29329,"date":"2019-04-22T15:14:19","date_gmt":"2019-04-22T19:14:19","guid":{"rendered":"https:\/\/linitiative.ca\/International\/international-barca-messi-concerne-par-les-nouveaux-joueurs\/"},"modified":"2019-04-22T15:14:19","modified_gmt":"2019-04-22T19:14:19","slug":"international-barca-messi-concerne-par-les-nouveaux-joueurs","status":"publish","type":"post","link":"https:\/\/linitiative.ca\/International\/international-barca-messi-concerne-par-les-nouveaux-joueurs\/","title":{"rendered":"International : Bar\u00e7a : Messi concern\u00e9 par les nouveaux joueurs"},"content":{"rendered":"<div readability=\"32\">\n<p>Auteur : <span class=\"time\">lundi 22 avril 2019 13:15<\/span><\/p>\n<\/div>\n<div id=\"post_core\" readability=\"53\">\n<p>Recrut\u00e9 il y a un an en provenance du Gr\u00eamio, pour 31 millions d\u2019euros, Arthur Melo n\u2019a pas pris beaucoup de temps pour devenir un titulaire incontournable au FC Barcelone. Le Br\u00e9silien de 22 ans pensait vivre une \u00ab\u00a0premi\u00e8re saison d\u2019adaptation\u00a0\u00bb chez les Blaugranas, mais ses co\u00e9quipiers l\u2019ont \u00ab\u00a0beaucoup aid\u00e9\u00a0\u00bb \u00e0 s\u2019int\u00e9grer dans le vestiaire catalan. M\u00eame Lionel Messi s\u2019int\u00e9resse visiblement au bonheur des recrues du FCB.<\/p>\n<p>\u00ab\u00a0Il parle \u00e0 tout le monde, \u00e0 moi, \u00e0 Malcom, avec tous ceux qui sont nouveaux. Il parle et il s\u2019int\u00e9resse \u00e0 notre adaptation\u00a0\u00bb, confie ainsi Arthur au m\u00e9dia br\u00e9silien Esporte Interativo. Avant de poursuivre sur son co\u00e9quipier argentin: \u00ab\u00a0C\u2019est un sentiment \u00e9trange, m\u00eame aujourd\u2019hui, je me dis dans ma t\u00eate: \u00ab c\u2019est Messi\u00a0\u00bb. Messi est incroyable, sur le terrain comme en dehors. C\u2019est notre leader technique mais aussi dans le vestiaire. Il lit le jeu comme personne, il est extr\u00eamement intelligent\u00a0\u00bb. Des propos relay\u00e9s par Football.<\/p>\n<p><strong>Publi\u00e9 dans :<\/strong> <span>fc barcelone<\/span><\/p>\n<\/div>\n<p>Auteur:<br \/>\n<a href=\"http:\/\/www.lebuteur.com\/article\/detail?titre=barca-messi-concerne-par-les-nouveaux-joueurs&#038;id=88203&#038;utm_source=feedburner&#038;utm_medium=feed&#038;utm_campaign=Feed%3A+GalerieFArtciles+%28Les+derniers+articles++-+lebuteur.com%29\">Cliquez ici pour lire l&rsquo;article depuis sa source.<\/a><\/p>\n","protected":false},"excerpt":{"rendered":"<p>Auteur : lundi 22 avril 2019 13:15 Recrut\u00e9 il y a un an en provenance du Gr\u00eamio, pour 31 millions d\u2019euros, Arthur Melo n\u2019a pas pris beaucoup de temps pour devenir un titulaire incontournable au FC Barcelone. Le Br\u00e9silien de 22 ans pensait vivre une \u00ab\u00a0premi\u00e8re saison d\u2019adaptation\u00a0\u00bb chez les Blaugranas, mais ses co\u00e9quipiers l\u2019ont [&hellip;]<\/p>\n","protected":false},"author":1738,"featured_media":29330,"comment_status":"closed","ping_status":"closed","sticky":false,"template":"","format":"standard","meta":{"fifu_image_url":"","fifu_image_alt":"","footnotes":""},"categories":[53,75],"tags":[],"class_list":["post-29329","post","type-post","status-publish","format-standard","has-post-thumbnail","hentry","category-algerie","category-sport"],"_links":{"self":[{"href":"https:\/\/linitiative.ca\/International\/wp-json\/wp\/v2\/posts\/29329","targetHints":{"allow":["GET"]}}],"collection":[{"href":"https:\/\/linitiative.ca\/International\/wp-json\/wp\/v2\/posts"}],"about":[{"href":"https:\/\/linitiative.ca\/International\/wp-json\/wp\/v2\/types\/post"}],"author":[{"embeddable":true,"href":"https:\/\/linitiative.ca\/International\/wp-json\/wp\/v2\/users\/1738"}],"replies":[{"embeddable":true,"href":"https:\/\/linitiative.ca\/International\/wp-json\/wp\/v2\/comments?post=29329"}],"version-history":[{"count":0,"href":"https:\/\/linitiative.ca\/International\/wp-json\/wp\/v2\/posts\/29329\/revisions"}],"wp:featuredmedia":[{"embeddable":true,"href":"https:\/\/linitiative.ca\/International\/wp-json\/"}],"wp:attachment":[{"href":"https:\/\/linitiative.ca\/International\/wp-json\/wp\/v2\/media?parent=29329"}],"wp:term":[{"taxonomy":"category","embeddable":true,"href":"https:\/\/linitiative.ca\/International\/wp-json\/wp\/v2\/categories?post=29329"},{"taxonomy":"post_tag","embeddable":true,"href":"https:\/\/linitiative.ca\/International\/wp-json\/wp\/v2\/tags?post=29329"}],"curies":[{"name":"wp","href":"https:\/\/api.w.org\/{rel}","templated":true}]}}