{"id":29331,"date":"2019-04-22T15:14:21","date_gmt":"2019-04-22T19:14:21","guid":{"rendered":"https:\/\/linitiative.ca\/International\/ligue-1-2-jsk-mco-un-supporter-du-mouloudia-decede\/"},"modified":"2019-04-22T15:14:21","modified_gmt":"2019-04-22T19:14:21","slug":"ligue-1-2-jsk-mco-un-supporter-du-mouloudia-decede","status":"publish","type":"post","link":"https:\/\/linitiative.ca\/International\/ligue-1-2-jsk-mco-un-supporter-du-mouloudia-decede\/","title":{"rendered":"Ligue 1 &amp; 2 : JSK &#8211; MCO: Un supporter du Mouloudia d\u00e9c\u00e9d\u00e9"},"content":{"rendered":"<div readability=\"32\">\n<p>Auteur : <span class=\"time\">lundi 22 avril 2019 17:28<\/span><\/p>\n<\/div>\n<div id=\"post_core\" readability=\"37\">\n<p>Un supporter du Mouloudia d\u2019Oran a rendu l\u2019\u00e2me aujourd\u2019hui suite \u00e0 l\u2019accident dont il a \u00e9t\u00e9 victime en compagnie de plusieurs autres fans du club. Hier soir, un bus de supporters du Mouloudia d\u2019Oran \u00a0s&rsquo;est renvers\u00e9 en d\u00e9but de soir\u00e9e \u00e0 la sortie de Tizi Ouzou apr\u00e8s le match\u00a0 JSK-MCO. Alors que son \u00e9tat \u00e9tait jug\u00e9 grave, le supporter en question est d\u00e9c\u00e9d\u00e9 aujourd\u2019hui \u00e0 l\u2019h\u00f4pital de Tizi Ouzou.<\/p>\n<p><strong>Publi\u00e9 dans :<\/strong> <span>JSK<\/span> <span>mco<\/span><\/p>\n<\/div>\n<p>Auteur:<br \/>\n<a href=\"http:\/\/www.lebuteur.com\/article\/detail?titre=jsk-mco-un-supporter-du-mouloudia-decede&#038;id=88204&#038;utm_source=feedburner&#038;utm_medium=feed&#038;utm_campaign=Feed%3A+GalerieFArtciles+%28Les+derniers+articles++-+lebuteur.com%29\">Cliquez ici pour lire l&rsquo;article depuis sa source.<\/a><\/p>\n","protected":false},"excerpt":{"rendered":"<p>Auteur : lundi 22 avril 2019 17:28 Un supporter du Mouloudia d\u2019Oran a rendu l\u2019\u00e2me aujourd\u2019hui suite \u00e0 l\u2019accident dont il a \u00e9t\u00e9 victime en compagnie de plusieurs autres fans du club. Hier soir, un bus de supporters du Mouloudia d\u2019Oran \u00a0s&rsquo;est renvers\u00e9 en d\u00e9but de soir\u00e9e \u00e0 la sortie de Tizi Ouzou apr\u00e8s le [&hellip;]<\/p>\n","protected":false},"author":1738,"featured_media":29332,"comment_status":"closed","ping_status":"closed","sticky":false,"template":"","format":"standard","meta":{"fifu_image_url":"","fifu_image_alt":"","footnotes":""},"categories":[53,75],"tags":[],"class_list":["post-29331","post","type-post","status-publish","format-standard","has-post-thumbnail","hentry","category-algerie","category-sport"],"_links":{"self":[{"href":"https:\/\/linitiative.ca\/International\/wp-json\/wp\/v2\/posts\/29331","targetHints":{"allow":["GET"]}}],"collection":[{"href":"https:\/\/linitiative.ca\/International\/wp-json\/wp\/v2\/posts"}],"about":[{"href":"https:\/\/linitiative.ca\/International\/wp-json\/wp\/v2\/types\/post"}],"author":[{"embeddable":true,"href":"https:\/\/linitiative.ca\/International\/wp-json\/wp\/v2\/users\/1738"}],"replies":[{"embeddable":true,"href":"https:\/\/linitiative.ca\/International\/wp-json\/wp\/v2\/comments?post=29331"}],"version-history":[{"count":0,"href":"https:\/\/linitiative.ca\/International\/wp-json\/wp\/v2\/posts\/29331\/revisions"}],"wp:featuredmedia":[{"embeddable":true,"href":"https:\/\/linitiative.ca\/International\/wp-json\/"}],"wp:attachment":[{"href":"https:\/\/linitiative.ca\/International\/wp-json\/wp\/v2\/media?parent=29331"}],"wp:term":[{"taxonomy":"category","embeddable":true,"href":"https:\/\/linitiative.ca\/International\/wp-json\/wp\/v2\/categories?post=29331"},{"taxonomy":"post_tag","embeddable":true,"href":"https:\/\/linitiative.ca\/International\/wp-json\/wp\/v2\/tags?post=29331"}],"curies":[{"name":"wp","href":"https:\/\/api.w.org\/{rel}","templated":true}]}}