{"id":29333,"date":"2019-04-22T15:14:22","date_gmt":"2019-04-22T19:14:22","guid":{"rendered":"https:\/\/linitiative.ca\/International\/equipe-dalgerie-belfodil-le-choix-ineluctable-de-belmadi\/"},"modified":"2019-04-22T15:14:22","modified_gmt":"2019-04-22T19:14:22","slug":"equipe-dalgerie-belfodil-le-choix-ineluctable-de-belmadi","status":"publish","type":"post","link":"https:\/\/linitiative.ca\/International\/equipe-dalgerie-belfodil-le-choix-ineluctable-de-belmadi\/","title":{"rendered":"Equipe d&rsquo;Alg\u00e9rie : Belfodil le choix in\u00e9luctable de Belmadi !"},"content":{"rendered":"<div readability=\"32\">\n<p>Auteur : <span>Moumen A.<\/span> <span class=\"time\">lundi 22 avril 2019 18:00<\/span><\/p>\n<\/div>\n<div id=\"post_core\" readability=\"79\">\n<p><strong>Il a marqu\u00e9 son 15e but de la saison<\/strong><\/p>\n<p>Encore une fois l\u2019attaquant alg\u00e9rien d\u2019Hoffenheim Ishak Belfodil, s\u2019est fortement illustr\u00e9 en championnat. Dans ce large succ\u00e8s obtenu en d\u00e9placement contre\u00a0 Schalke 04, cinq buts \u00e0 deux, l\u2019ancien lyonnais, a frapp\u00e9 fort en menant tout simplement ses camarades vers un succ\u00e8s qui les rapprochent d\u2019une place en Europa League la saison prochaine. Auteur d\u2019un autre doubl\u00e9 et d\u2019une passe d\u00e9cisive,\u00a0 l\u2019ex soci\u00e9taire de l\u2019Inter Milan, Parme AC et Bologne, a \u00e9t\u00e9 d\u00e9sign\u00e9 homme du match contre Schalke 04 avec la superbe note de <strong>9.8\/10.<\/strong><\/p>\n<p><strong>11 buts en 10 matchs, Ishak crache le feu<\/strong><\/p>\n<p>Ishak Belfodil est l\u2019homme providentiel de cette \u00e9quipe d\u2019Hoffenheim depuis le mois de f\u00e9vrier pass\u00e9. Avec 11 buts inscrits lors des 10 derniers matchs en championnat, l\u2019international \u00a0alg\u00e9rien \u00a0crache le feu et s\u2019impose comme un choix in\u00e9luctable pour l\u2019entraineur national Djamel Belmadi en pr\u00e9vision de la prochaine Coupe d\u2019Afrique des nations surtout qu\u2019Ishak peut s\u2019av\u00e9rer utile dans plusieurs registres de jeu.\u00a0 Habiles comme second attaquant, il peut aussi \u00e9voluer sur les flancs et donner d\u2019autres solutions tactiques \u00e0 Belmadi sur le plan offensif notamment.<\/p>\n<p><strong>Il est dans l\u2019histoire de la Bundesliga<\/strong><\/p>\n<p>Ishak\u00a0 Belfodil est dans l\u2019histoire du championnat d\u2018Allemagne, \u00a0devenant le premier alg\u00e9rien ayant atteint ce nombre assez \u00e9lev\u00e9 de buts marqu\u00e9s en une seule saison \u00a0en 24 apparitions. Il est de ce fait \u00e0 deux buts seulement du second meilleur buteur de la Bundesliga, en l\u2019occurrence l\u2019attaquant de Francfort Jovic, convoit\u00e9 par le FC Barcelone et le Real Madrid. Ishak Devient le meilleur buteur arabe en Bundesliga, avec 15 r\u00e9alisations en\u00a0 une saison bien entendu.<\/p>\n<p><strong>Il efface\u00a0le record de l\u2019Egyptien Zidan\u00a0<\/strong><\/p>\n<p>Gr\u00e2ce \u00e0 cette grosse performance, l\u2019Alg\u00e9rien Ishak Belfodil est aussi le joueur alg\u00e9rien le plus prolifique\u00a0 cette saison dans les 5 meilleurs\u00a0 championnats d\u2019Europe.\u00a0 Le joueur form\u00e9 \u00e0 l\u2019Olympique lyonnais r\u00e9alise aussi la meilleure saison de sa carri\u00e8re.\u00a0 En marquant \u00e0 15 reprises \u00a0en Bundesliga, Ishak prend la 5e place du classement des meilleurs buteurs du championnat. Il aussi\u00a0\u00a0a battu le vieux record de l\u2019ancien international \u00e9gyptien\u00a0Mohamed\u00a0\u00a0en une seule saison en Bundesliga, celui en l&rsquo;occurrence de l\u2019ancien joueur\u00a0 de la s\u00e9lection \u00e9gyptienne, Mohamed Zidan, auteur pour rappel de 13 buts\u00a0\u00a0sous le maillot de Mayence05.\u00a0<\/p>\n<p><strong>Moumen A.\u00a0<\/strong><\/p>\n<p><strong>Publi\u00e9 dans :<\/strong> <span>belfodil<\/span> <span>djamel belmadi<\/span><\/p>\n<\/div>\n<p>Auteur:<br \/>\n<a href=\"http:\/\/www.lebuteur.com\/article\/detail?titre=belfodil-le-choix-ineluctable-de-belmadi&#038;id=88205&#038;utm_source=feedburner&#038;utm_medium=feed&#038;utm_campaign=Feed%3A+GalerieFArtciles+%28Les+derniers+articles++-+lebuteur.com%29\">Cliquez ici pour lire l&rsquo;article depuis sa source.<\/a><\/p>\n","protected":false},"excerpt":{"rendered":"<p>Auteur : Moumen A. lundi 22 avril 2019 18:00 Il a marqu\u00e9 son 15e but de la saison Encore une fois l\u2019attaquant alg\u00e9rien d\u2019Hoffenheim Ishak Belfodil, s\u2019est fortement illustr\u00e9 en championnat. Dans ce large succ\u00e8s obtenu en d\u00e9placement contre\u00a0 Schalke 04, cinq buts \u00e0 deux, l\u2019ancien lyonnais, a frapp\u00e9 fort en menant tout simplement ses [&hellip;]<\/p>\n","protected":false},"author":1738,"featured_media":29334,"comment_status":"closed","ping_status":"closed","sticky":false,"template":"","format":"standard","meta":{"fifu_image_url":"","fifu_image_alt":"","footnotes":""},"categories":[53,75],"tags":[],"class_list":["post-29333","post","type-post","status-publish","format-standard","has-post-thumbnail","hentry","category-algerie","category-sport"],"_links":{"self":[{"href":"https:\/\/linitiative.ca\/International\/wp-json\/wp\/v2\/posts\/29333","targetHints":{"allow":["GET"]}}],"collection":[{"href":"https:\/\/linitiative.ca\/International\/wp-json\/wp\/v2\/posts"}],"about":[{"href":"https:\/\/linitiative.ca\/International\/wp-json\/wp\/v2\/types\/post"}],"author":[{"embeddable":true,"href":"https:\/\/linitiative.ca\/International\/wp-json\/wp\/v2\/users\/1738"}],"replies":[{"embeddable":true,"href":"https:\/\/linitiative.ca\/International\/wp-json\/wp\/v2\/comments?post=29333"}],"version-history":[{"count":0,"href":"https:\/\/linitiative.ca\/International\/wp-json\/wp\/v2\/posts\/29333\/revisions"}],"wp:featuredmedia":[{"embeddable":true,"href":"https:\/\/linitiative.ca\/International\/wp-json\/"}],"wp:attachment":[{"href":"https:\/\/linitiative.ca\/International\/wp-json\/wp\/v2\/media?parent=29333"}],"wp:term":[{"taxonomy":"category","embeddable":true,"href":"https:\/\/linitiative.ca\/International\/wp-json\/wp\/v2\/categories?post=29333"},{"taxonomy":"post_tag","embeddable":true,"href":"https:\/\/linitiative.ca\/International\/wp-json\/wp\/v2\/tags?post=29333"}],"curies":[{"name":"wp","href":"https:\/\/api.w.org\/{rel}","templated":true}]}}