{"id":29335,"date":"2019-04-22T15:14:24","date_gmt":"2019-04-22T19:14:24","guid":{"rendered":"https:\/\/linitiative.ca\/International\/international-real-des-interrogations-au-sujet-de-courtois\/"},"modified":"2019-04-22T15:14:24","modified_gmt":"2019-04-22T19:14:24","slug":"international-real-des-interrogations-au-sujet-de-courtois","status":"publish","type":"post","link":"https:\/\/linitiative.ca\/International\/international-real-des-interrogations-au-sujet-de-courtois\/","title":{"rendered":"International : Real : Des interrogations au sujet de Courtois"},"content":{"rendered":"<div readability=\"32\">\n<p>Auteur : <span class=\"time\">lundi 22 avril 2019 20:00<\/span><\/p>\n<\/div>\n<div id=\"post_core\" readability=\"52\">\n<p>Et selon El Confidencial, les explications de Zinedine Zidane au sujet des probl\u00e8mes physiques du Belge sont tr\u00e8s floues. \u00ab\u00a0Il ne va pas bien. Ce n\u2019est pas qu\u2019une g\u00eane, mais deux ou trois, il vaut mieux ne pas risquer\u00a0\u00bb, confiait r\u00e9cemment Zizou comme le rapporte Football. Dans le m\u00eame temps, l\u2019entra\u00eeneur fran\u00e7ais lui m\u00eame trouve ces absences \u00ab\u00a0\u00e9tranges\u00a0\u00bb, toujours selon le m\u00e9dia ib\u00e9rique. Courtois ne souhaiterait pas jouer avec ces g\u00eanes musculaires et attend d\u2019\u00eatre totalement r\u00e9tabli avant de se d\u00e9clarer disponible.<\/p>\n<p>Une situation et un silence m\u00e9diatique qui interpellent forc\u00e9ment en Espagne, d\u2019autant plus que le Real Madrid a l\u2019habitude de communiquer r\u00e9guli\u00e8rement sur l\u2019\u00e9tat de sant\u00e9 de ses joueurs, et qui laisse forc\u00e9ment place \u00e0 des interpr\u00e9tations allant dans tous les sens. Dans le m\u00eame temps, El Confidencial rajoute que le Belge veut continuer \u00e0 Madrid et que le club ne souhaite pas le voir partir, mais Keylor Navas pla\u00eet toujours autant \u00e0 Zinedine Zidane.<\/p>\n<p><strong>Publi\u00e9 dans :<\/strong> <span>real madrid<\/span><\/p>\n<\/div>\n<p>Auteur:<br \/>\n<a href=\"http:\/\/www.lebuteur.com\/article\/detail?titre=real-des-interrogations-au-sujet-de-courtois&#038;id=88206&#038;utm_source=feedburner&#038;utm_medium=feed&#038;utm_campaign=Feed%3A+GalerieFArtciles+%28Les+derniers+articles++-+lebuteur.com%29\">Cliquez ici pour lire l&rsquo;article depuis sa source.<\/a><\/p>\n","protected":false},"excerpt":{"rendered":"<p>Auteur : lundi 22 avril 2019 20:00 Et selon El Confidencial, les explications de Zinedine Zidane au sujet des probl\u00e8mes physiques du Belge sont tr\u00e8s floues. \u00ab\u00a0Il ne va pas bien. Ce n\u2019est pas qu\u2019une g\u00eane, mais deux ou trois, il vaut mieux ne pas risquer\u00a0\u00bb, confiait r\u00e9cemment Zizou comme le rapporte Football. Dans le [&hellip;]<\/p>\n","protected":false},"author":1738,"featured_media":29336,"comment_status":"closed","ping_status":"closed","sticky":false,"template":"","format":"standard","meta":{"fifu_image_url":"","fifu_image_alt":"","footnotes":""},"categories":[53,75],"tags":[],"class_list":["post-29335","post","type-post","status-publish","format-standard","has-post-thumbnail","hentry","category-algerie","category-sport"],"_links":{"self":[{"href":"https:\/\/linitiative.ca\/International\/wp-json\/wp\/v2\/posts\/29335","targetHints":{"allow":["GET"]}}],"collection":[{"href":"https:\/\/linitiative.ca\/International\/wp-json\/wp\/v2\/posts"}],"about":[{"href":"https:\/\/linitiative.ca\/International\/wp-json\/wp\/v2\/types\/post"}],"author":[{"embeddable":true,"href":"https:\/\/linitiative.ca\/International\/wp-json\/wp\/v2\/users\/1738"}],"replies":[{"embeddable":true,"href":"https:\/\/linitiative.ca\/International\/wp-json\/wp\/v2\/comments?post=29335"}],"version-history":[{"count":0,"href":"https:\/\/linitiative.ca\/International\/wp-json\/wp\/v2\/posts\/29335\/revisions"}],"wp:featuredmedia":[{"embeddable":true,"href":"https:\/\/linitiative.ca\/International\/wp-json\/"}],"wp:attachment":[{"href":"https:\/\/linitiative.ca\/International\/wp-json\/wp\/v2\/media?parent=29335"}],"wp:term":[{"taxonomy":"category","embeddable":true,"href":"https:\/\/linitiative.ca\/International\/wp-json\/wp\/v2\/categories?post=29335"},{"taxonomy":"post_tag","embeddable":true,"href":"https:\/\/linitiative.ca\/International\/wp-json\/wp\/v2\/tags?post=29335"}],"curies":[{"name":"wp","href":"https:\/\/api.w.org\/{rel}","templated":true}]}}