{"id":29339,"date":"2019-04-21T19:00:00","date_gmt":"2019-04-21T23:00:00","guid":{"rendered":"https:\/\/linitiative.ca\/International\/plusieurs-partis-politiques-declinent-linvitation\/"},"modified":"2019-04-21T19:00:00","modified_gmt":"2019-04-21T23:00:00","slug":"plusieurs-partis-politiques-declinent-linvitation","status":"publish","type":"post","link":"https:\/\/linitiative.ca\/International\/plusieurs-partis-politiques-declinent-linvitation\/","title":{"rendered":"Plusieurs partis politiques d\u00e9clinent l\u2019invitation"},"content":{"rendered":"<p>Plusieurs partis politiques ont d\u00e9clin\u00e9 l\u2019invitation de la Pr\u00e9sidence de la R\u00e9publique \u00e0 une rencontre de concertation, pr\u00e9vue aujourd\u2019hui, en vue d\u2019examiner la situation politique du pays et les moyens d\u2019assurer la transparence de l\u2019\u00e9lection pr\u00e9sidentielle, le 4 juillet prochain. Le Parti de la libert\u00e9 et la justice (PLJ), dirig\u00e9 par Mohamed Said a estim\u00e9 n\u00e9cessaire de \u00abtenir des consultations entre le Pouvoir et les acteurs politiques en vue d\u2019aboutir \u00e0 des solutions consensuelles \u00e0 m\u00eame de garantir progr\u00e8s et stabilit\u00e9 \u00e0 la soci\u00e9t\u00e9 et d\u2019\u00e9difier l\u2019Etat, mais elles sont inutiles avec des parties du Pouvoir rejet\u00e9es par le peuple\u00bb. Rappelant avoir exprim\u00e9 son refus, suite \u00e0 la nomination de l\u2019actuel Chef de l\u2019Etat, \u00abque l\u2019un des symboles du syst\u00e8me que le peuple avait demand\u00e9 d\u2019\u00e9carter de la sc\u00e8ne politique acc\u00e8de au poste de chef de l\u2019Etat\u00bb, le PLJ a affirm\u00e9 que le changement radical, souhait\u00e9 par le peuple, \u00abimplique ind\u00e9niablement la mise \u00e0 l\u2019\u00e9cart des symboles du r\u00e9gime et l\u2019assainissement de la sc\u00e8ne politique de toutes formes de corruption et de m\u00e9diocrit\u00e9 dans la gestion, outre les mauvaises pratiques\u00bb.<br \/>\u00abMaintenir la date du 4 juillet pour la tenue de l\u2019\u00e9lection pr\u00e9sidentielle, sous la direction de visages ayant confisqu\u00e9, durant plus de deux d\u00e9cennies, la volont\u00e9 du peuple, (&#8230;) ne fera que rater au pays l\u2019occasion de choisir un nouveau pr\u00e9sident qui jouit de la pleine l\u00e9gitimit\u00e9 pour le diriger durant les cinq prochaines ann\u00e9es\u00bb. De son c\u00f4t\u00e9 la Secr\u00e9taire g\u00e9n\u00e9rale du Parti des travailleurs (PT), Louisa Hanoune a d\u00e9clin\u00e9 l\u2019invitation du Chef de l\u2019Etat, Abdelkader Bensalah, affirmant sur une vid\u00e9o publi\u00e9e sur la page Facebook officielle du parti, que le PT a d\u00e9cid\u00e9 de ne pas participer aux concertations de la Pr\u00e9sidence de la R\u00e9publique. \u00abLe PT ne peut participer \u00e0 de telles concertations, alors que la grande majorit\u00e9 du peuple est mobilis\u00e9e pour demander le d\u00e9part de tous les symboles du r\u00e9gime\u00bb, a pr\u00e9cis\u00e9 Mme Hanoune, estimant que \u00abces concertations, sont une man\u0153uvre visant \u00e0 imposer la continuit\u00e9 du m\u00eame syst\u00e8me, en imposant l\u2019\u00e9lection pr\u00e9sidentielle le 4 juillet prochain\u00bb. De son c\u00f4t\u00e9, le pr\u00e9sident du parti du Rassemblement pour la culture et la d\u00e9mocratie (RCD), Mohcine Belabbas, a annonc\u00e9 qu\u2019il ne participera pas \u00e0 la rencontre, demandant la mise \u00e0 l\u2019\u00e9cart des symboles du r\u00e9gime, car, a-t-il poursuivi, \u00abnous ne reconnaissons pas vos agendas qui vont \u00e0 l\u2019encontre des revendications du peuple\u00bb. Plusieurs partis politiques avaient annonc\u00e9 leur refus de participer aux concertations de la Pr\u00e9sidence de la R\u00e9publique, \u00e0 l\u2019instar du Mouvement de la soci\u00e9t\u00e9 pour la paix (MSP), du Front de la Justice et du D\u00e9veloppement (FJD), du Front national alg\u00e9rien (FNA), de Talaie el Hourriyet, et du Parti national pour la solidarit\u00e9 et le d\u00e9veloppement (PNSD).<br \/>Le Mouvement populaire alg\u00e9rien (MPA) a r\u00e9affirm\u00e9 sa d\u00e9cision de ne pas participer \u00e0 la rencontre de concertation, a indiqu\u00e9 un communiqu\u00e9 du Mouvement. \u00abLe Bureau national du MPA a d\u00e9cid\u00e9 de ne pas participer \u00e0 cette rencontre de concertation \u00e0 laquelle a appel\u00e9 la Pr\u00e9sidence de la R\u00e9publique, en vue d\u2019examiner la situation politique dans le pays et les modes et moyens \u00e0 m\u00eame de garantir la transparence de l\u2019\u00e9lection pr\u00e9sidentielle devant se tenir le 4 juillet\u00bb, ajoute la m\u00eame source. \u00abLe climat g\u00e9n\u00e9ral pr\u00e9valant n\u2019est pas opportun pour l\u2019organisation de cette Pr\u00e9sidentielle, au vu de son \u00e9ch\u00e9ance tr\u00e8s proche qui ne permet pas de r\u00e9pondre favorablement aux revendications l\u00e9gitimes de la rue alg\u00e9rienne qui appelle au changement du syst\u00e8me et \u00e0 l\u2019instauration d\u2019une nouvelle R\u00e9publique\u00bb, estime le MPA.<br \/>Le m\u00eame parti consid\u00e8re que \u00ab l\u2019application de l\u2019article 102 de la Constitution est une condition sine qua non, et juge que ce n`est pas une solution suffisante pour sortir de la crise, d\u2019autant que l\u2019Alg\u00e9rie a besoin d\u2019une transition d\u00e9mocratique concert\u00e9e et sereine\u00bb. Appelant \u00e0 \u00abla n\u00e9cessaire pr\u00e9paration d\u2019une Pr\u00e9sidentielle libre et transparente qui permet au peuple alg\u00e9rien d\u2019\u00e9lire son pr\u00e9sident en toute souverainet\u00e9\u00bb, le Mouvement a mis l\u2019accent sur \u00abl\u2019imp\u00e9ratif r\u00e9tablissement de la confiance entre acteurs, \u00e0 travers un dialogue inclusif, franc et transparent, en impliquant toutes les forces vives dans la gestion de la p\u00e9riode de transition\u00bb.<br \/>Ceci exige \u00abl\u2019installation d\u2019une instance pr\u00e9sidentielle coll\u00e9giale compos\u00e9e d\u2019hommes int\u00e8gres et comp\u00e9tents, en y impliquant un repr\u00e9sentant de l\u2019Arm\u00e9e nationale populaire (ANP), parall\u00e8lement \u00e0 la d\u00e9signation d\u2019un gouvernement de transition qui repr\u00e9sente tous les courants politiques, ainsi que l\u2019organisation d\u2019une Conf\u00e9rence nationale ind\u00e9pendante et souveraine compos\u00e9e des partis politiques et de la soci\u00e9t\u00e9 civile, qui aura pour missions, l\u2019\u00e9laboration d\u2019une nouvelle Constitution qui instaure la 2e R\u00e9publique\u00bb.<br \/>Cette conf\u00e9rence se chargera de la \u00abr\u00e9vision de la loi \u00e9lectorales, la constitution d\u2019une Commission nationale ind\u00e9pendante pour les \u00e9lections, laquelle sera exclusivement charg\u00e9e de son organisation et de celle d\u2019un r\u00e9f\u00e9rendum populaire sur la Constitution et une \u00e9lection Pr\u00e9sidentielle, dont les d\u00e9lais seront d\u00e9termin\u00e9s par voie de concertation entre les participants \u00e0 cette conf\u00e9rence\u00bb. Dans son communiqu\u00e9, le MPA sugg\u00e8re que \u00abl\u2019ANP doit \u00eatre garante du processus de transition, \u00e9tant la seule institution qui jouit de la cr\u00e9dibilit\u00e9 populaire\u00bb.<\/p>\n<p>Auteur: elmoudjahid<br \/>\n<a href=\"http:\/\/www.elmoudjahid.com\/fr\/actualites\/136083\">Cliquez ici pour lire l&rsquo;article depuis sa source.<\/a><\/p>\n","protected":false},"excerpt":{"rendered":"<p>Plusieurs partis politiques ont d\u00e9clin\u00e9 l\u2019invitation de la Pr\u00e9sidence de la R\u00e9publique \u00e0 une rencontre de concertation, pr\u00e9vue aujourd\u2019hui, en vue d\u2019examiner la situation politique du pays et les moyens d\u2019assurer la transparence de l\u2019\u00e9lection pr\u00e9sidentielle, le 4 juillet prochain. Le Parti de la libert\u00e9 et la justice (PLJ), dirig\u00e9 par Mohamed Said a estim\u00e9 [&hellip;]<\/p>\n","protected":false},"author":1744,"featured_media":0,"comment_status":"closed","ping_status":"closed","sticky":false,"template":"","format":"standard","meta":{"fifu_image_url":"","fifu_image_alt":"","footnotes":""},"categories":[73,53],"tags":[],"class_list":["post-29339","post","type-post","status-publish","format-standard","hentry","category-actualite","category-algerie"],"_links":{"self":[{"href":"https:\/\/linitiative.ca\/International\/wp-json\/wp\/v2\/posts\/29339","targetHints":{"allow":["GET"]}}],"collection":[{"href":"https:\/\/linitiative.ca\/International\/wp-json\/wp\/v2\/posts"}],"about":[{"href":"https:\/\/linitiative.ca\/International\/wp-json\/wp\/v2\/types\/post"}],"author":[{"embeddable":true,"href":"https:\/\/linitiative.ca\/International\/wp-json\/wp\/v2\/users\/1744"}],"replies":[{"embeddable":true,"href":"https:\/\/linitiative.ca\/International\/wp-json\/wp\/v2\/comments?post=29339"}],"version-history":[{"count":0,"href":"https:\/\/linitiative.ca\/International\/wp-json\/wp\/v2\/posts\/29339\/revisions"}],"wp:attachment":[{"href":"https:\/\/linitiative.ca\/International\/wp-json\/wp\/v2\/media?parent=29339"}],"wp:term":[{"taxonomy":"category","embeddable":true,"href":"https:\/\/linitiative.ca\/International\/wp-json\/wp\/v2\/categories?post=29339"},{"taxonomy":"post_tag","embeddable":true,"href":"https:\/\/linitiative.ca\/International\/wp-json\/wp\/v2\/tags?post=29339"}],"curies":[{"name":"wp","href":"https:\/\/api.w.org\/{rel}","templated":true}]}}