{"id":29340,"date":"2019-04-21T19:00:00","date_gmt":"2019-04-21T23:00:00","guid":{"rendered":"https:\/\/linitiative.ca\/International\/cause-palestinienne-plaidoyer-pour-un-plan-daction-arabe\/"},"modified":"2019-04-21T19:00:00","modified_gmt":"2019-04-21T23:00:00","slug":"cause-palestinienne-plaidoyer-pour-un-plan-daction-arabe","status":"publish","type":"post","link":"https:\/\/linitiative.ca\/International\/cause-palestinienne-plaidoyer-pour-un-plan-daction-arabe\/","title":{"rendered":"Cause palestinienne : Plaidoyer pour un plan d\u2019action arabe"},"content":{"rendered":"<p><strong>Le ministre des Affaires \u00e9trang\u00e8res, Sabri Boukadoum, a mis l&rsquo;accent, hier au Caire, sur la n\u00e9cessit\u00e9 de mettre en place un plan d&rsquo;action arabe face aux d\u00e9rives qui entravent le processus de r\u00e8glement de la cause palestinienne, et de faire pression sur l&rsquo;administration am\u00e9ricaine et Isra\u00ebl, pour la reprise des n\u00e9gociations.<\/strong><\/p>\n<p>Dans son intervention lors d&rsquo;une r\u00e9union de la session extraordinaire du Conseil de la Ligue arabe au niveau minist\u00e9riel consacr\u00e9e \u00e0 l&rsquo;examen des derniers d\u00e9veloppements de la question palestinienne, le chef de la diplomatie alg\u00e9rienne a mis l&rsquo;accent sur l&rsquo;imp\u00e9ratif d&rsquo;\u00abengager une r\u00e9flexion autour d&rsquo;un plan d&rsquo;action arabe\u00bb face aux d\u00e9rives qui entravent les efforts consentis pour le r\u00e8glement de la question palestinienne. La conjoncture exige \u00abde faire appel aux forces vives de la communaut\u00e9 internationale pour qu&rsquo;elles assument leurs responsabilit\u00e9s historiques et faire pression sur l&rsquo;administration am\u00e9ricaine et Isra\u00ebl pour la reprise du processus des n\u00e9gociations, notamment en ce qui concerne la solution \u00e0 deux Etats, conform\u00e9ment aux r\u00e9f\u00e9rences internationales, aux r\u00e9solutions de la l\u00e9galit\u00e9 internationale et \u00e0 l&rsquo;initiative arabe de paix\u00bb. L&rsquo;\u00e9tape d\u00e9cisive que traverse la question palestinienne exige \u00abl&rsquo;unification des rangs palestiniens en particulier et arabes en g\u00e9n\u00e9ral, pour faire avorter les tentatives visant \u00e0 liquider la question\u00bb, a rappel\u00e9 le ministre, r\u00e9it\u00e9rant la position \u00abconstante et permanente\u00bb de l&rsquo;Alg\u00e9rie en faveur du peuple palestinien pour le recouvrement de tous ses droits nationaux l\u00e9gitimes et l&rsquo;\u00e9tablissement de son \u00e9tat ind\u00e9pendant sur les fronti\u00e8res de juin 1967, un Etat \u00abpleinement souverain avec Al Qods comme capitale\u00bb. Dans ce cadre, M. Boukadoum a indiqu\u00e9 que les changements internationaux survenus ces derni\u00e8res ann\u00e9es, \u00e0 l&rsquo;instar de l&rsquo;instabilit\u00e9 de la r\u00e9gion arabe et du changement de la politique am\u00e9ricaine \u00e0 l&rsquo;\u00e9gard du conflit arabo-isra\u00e9lien qui a donn\u00e9 \u00able feu vert \u00e0 la machine de guerre isra\u00e9lienne pour faire ravage et poursuivre sa politique hostile sous les regards de la communaut\u00e9 internationale, d\u00e9fiant la l\u00e9galit\u00e9 internationale\u00bb, constituent des donn\u00e9es qui ont \u00abamplifi\u00e9 les souffrances des Palestiniens et an\u00e9anti les espoirs d&rsquo;un r\u00e8glement dont nous \u00e9tions proches, sur la base d&rsquo;une solution \u00e0 deux Etats approuv\u00e9e par toutes les parties\u00bb. Le ministre a \u00e9voqu\u00e9, dans ce sens, d&rsquo;autres facteurs ayant eu des r\u00e9percussions sur la question palestinienne, notamment que connaissent certains pays arabes et les d\u00e9fis multidimensionnelles rencontr\u00e9s par la nation arabe ne cessant de \u00abs&rsquo;intensifier\u00bb, notamment en Libye du fait des derniers d\u00e9veloppements. \u00abL&rsquo;Alg\u00e9rie n&rsquo;a eu de cesse de mettre en garde contre leurs cons\u00e9quences graves sur la s\u00e9curit\u00e9 et la stabilit\u00e9, d&rsquo;appeler au respect du principe de non-ing\u00e9rence dans les affaires internes et \u00e0 de pr\u00f4ner le dialogue afin de parvenir \u00e0 une solution politique consensuelle devant pr\u00e9server la souverainet\u00e9 de la Libye, son ind\u00e9pendance et l&rsquo;unit\u00e9 de son peuple\u00bb, a-t-il ajout\u00e9. \u00abLa cause palestinienne, aussi importante et centrale soit-elle, occupe d\u00e9sormais une place qui est loin d&rsquo;\u00eatre \u00e0 la hauteur des sacrifices et des souffrances du peuple palestinien fr\u00e8re et de sa grande volont\u00e9 \u00e0 \u00e9difier son Etat ind\u00e9pendant, avec Al-Qods pour capitale\u00bb, a poursuivi le ministre. M. Boukadoum a exprim\u00e9 ses remerciements au pr\u00e9sident palestinien, Mahmoud Abbas, qui a inform\u00e9 les participants, des derniers d\u00e9veloppements de la questions palestinienne, des d\u00e9fis rencontr\u00e9s et des dangers qui la guettent et dont \u00ables cons\u00e9quences pourraient se r\u00e9percuter sur notre r\u00e9gion arabe tout enti\u00e8re\u00bb.<\/p>\n<p><strong>Le pr\u00e9sident palestinien salue le soutien \u00ab ind\u00e9fectible \u00bb de l\u2019Alg\u00e9rie<\/strong><\/p>\n<p>Le pr\u00e9sident palestinien, Mahmoud Abbas, a salu\u00e9 hier au Caire, le soutien \u00abind\u00e9fectible\u00bb de l&rsquo;Alg\u00e9rie \u00e0 la cause palestinienne et la solidarit\u00e9 du peuple alg\u00e9rien aux c\u00f4t\u00e9s des Palestiniens. Lors de l&rsquo;audience qu&rsquo;il a accord\u00e9e au ministre des Affaires \u00e9trang\u00e8res, Sabri Boukadoum, en marge de la session extraordinaire du Conseil de la Ligue arabe au niveau minist\u00e9riel, le pr\u00e9sident palestinien s&rsquo;est f\u00e9licit\u00e9 du \u00absoutien ind\u00e9fectible et in\u00e9branlable\u00bb de l&rsquo;Alg\u00e9rie \u00e0 la cause palestinienne et sa solidarit\u00e9 aux c\u00f4t\u00e9s du peuple palestinien \u00e0 travers le soutien politique et financier et les aides humanitaires. Les deux parties ont pass\u00e9 en revue les derniers d\u00e9veloppements de la question palestinienne et les agressions et violations isra\u00e9liennes commises contre les Palestiniens.<\/p>\n<p>Auteur: elmoudjahid<br \/>\n<a href=\"http:\/\/www.elmoudjahid.com\/fr\/actualites\/136084\">Cliquez ici pour lire l&rsquo;article depuis sa source.<\/a><\/p>\n","protected":false},"excerpt":{"rendered":"<p>Le ministre des Affaires \u00e9trang\u00e8res, Sabri Boukadoum, a mis l&rsquo;accent, hier au Caire, sur la n\u00e9cessit\u00e9 de mettre en place un plan d&rsquo;action arabe face aux d\u00e9rives qui entravent le processus de r\u00e8glement de la cause palestinienne, et de faire pression sur l&rsquo;administration am\u00e9ricaine et Isra\u00ebl, pour la reprise des n\u00e9gociations. Dans son intervention lors [&hellip;]<\/p>\n","protected":false},"author":1744,"featured_media":0,"comment_status":"closed","ping_status":"closed","sticky":false,"template":"","format":"standard","meta":{"fifu_image_url":"","fifu_image_alt":"","footnotes":""},"categories":[73,53],"tags":[],"class_list":["post-29340","post","type-post","status-publish","format-standard","hentry","category-actualite","category-algerie"],"_links":{"self":[{"href":"https:\/\/linitiative.ca\/International\/wp-json\/wp\/v2\/posts\/29340","targetHints":{"allow":["GET"]}}],"collection":[{"href":"https:\/\/linitiative.ca\/International\/wp-json\/wp\/v2\/posts"}],"about":[{"href":"https:\/\/linitiative.ca\/International\/wp-json\/wp\/v2\/types\/post"}],"author":[{"embeddable":true,"href":"https:\/\/linitiative.ca\/International\/wp-json\/wp\/v2\/users\/1744"}],"replies":[{"embeddable":true,"href":"https:\/\/linitiative.ca\/International\/wp-json\/wp\/v2\/comments?post=29340"}],"version-history":[{"count":0,"href":"https:\/\/linitiative.ca\/International\/wp-json\/wp\/v2\/posts\/29340\/revisions"}],"wp:attachment":[{"href":"https:\/\/linitiative.ca\/International\/wp-json\/wp\/v2\/media?parent=29340"}],"wp:term":[{"taxonomy":"category","embeddable":true,"href":"https:\/\/linitiative.ca\/International\/wp-json\/wp\/v2\/categories?post=29340"},{"taxonomy":"post_tag","embeddable":true,"href":"https:\/\/linitiative.ca\/International\/wp-json\/wp\/v2\/tags?post=29340"}],"curies":[{"name":"wp","href":"https:\/\/api.w.org\/{rel}","templated":true}]}}