{"id":29341,"date":"2019-04-21T19:00:00","date_gmt":"2019-04-21T23:00:00","guid":{"rendered":"https:\/\/linitiative.ca\/International\/douanes-installation-de-mohammed-ouaret-dans-ses-fonctions-de-dg\/"},"modified":"2019-04-21T19:00:00","modified_gmt":"2019-04-21T23:00:00","slug":"douanes-installation-de-mohammed-ouaret-dans-ses-fonctions-de-dg","status":"publish","type":"post","link":"https:\/\/linitiative.ca\/International\/douanes-installation-de-mohammed-ouaret-dans-ses-fonctions-de-dg\/","title":{"rendered":"Douanes   : Installation de Mohammed Ouaret  dans ses fonctions de DG"},"content":{"rendered":"<p>M. Mohammed Ouaret a \u00e9t\u00e9 install\u00e9, hier \u00e0 Alger, dans ses fonctions\u00a0 de directeur g\u00e9n\u00e9ral (DG) des Douanes en remplacement de M. Farouk Bahamid, qui a occup\u00e9 ce poste depuis novembre 2017. Pr\u00e9sidant la c\u00e9r\u00e9monie d&rsquo;installation, le ministre des Finances, Mohamed Loukal, a affirm\u00e9 que la nomination de M. Ouaret \u00abs&rsquo;inscrit dans le cadre du processus normal de fonctionnement de l&rsquo;administration publique\u00bb et constitue \u00abune proc\u00e9dure ordinaire de passation de pouvoirs entre cadres sup\u00e9rieurs, membres du corps des Douanes alg\u00e9riennes\u00bb. Le ministre s&rsquo;est dit \u00abconfiant que le nouveau directeur g\u00e9n\u00e9ral trouvera, gr\u00e2ce au soutien de tous, les meilleures conditions r\u00e9unies pour poursuivre les nobles missions de la Douane, notamment la mise en \u0153uvre de son plan de modernisation\u00bb, qui a enregistr\u00e9, a-t-il dit, \u00abun avancement notable\u00bb. Cette c\u00e9r\u00e9monie a \u00e9t\u00e9 l&rsquo;occasion pour le ministre de souligner \u00able soutien de la nation alg\u00e9rienne\u00bb \u00e0 toutes les actions men\u00e9es par les Douanes alg\u00e9riennes \u00abpour garantir la s\u00e9curit\u00e9 de l&rsquo;\u00e9conomie nationale\u00bb, appelant les cadres et agents de ce corps \u00e0 \u00abs&rsquo;engager pleinement dans la poursuite des efforts pour prot\u00e9ger les int\u00e9r\u00eats supr\u00eames du pays\u00bb. Pour sa part, M. Ouaret a tenu \u00e0 \u00abadresser ses remerciements et exprim\u00e9 toute sa gratitude aux autorit\u00e9s publiques pour la confiance plac\u00e9e en sa personne, en le d\u00e9signant \u00e0 la t\u00eate de ce secteur sensible en cette conjoncture particuli\u00e8rement\u00bb. A ce propos, il a d\u00e9clar\u00e9, \u00abje m&rsquo;engage \u00e0 \u0153uvrer inlassablement et \u00e0 mettre \u00e0 profit toute ma comp\u00e9tence et mon exp\u00e9rience au service du d\u00e9veloppement des Douanes et \u00e0 assumer dignement mes responsabilit\u00e9s en vue de parvenir aux plus hauts niveaux de gestions et maintenir le rythme de performance\u00bb M. Ouaret a appel\u00e9, en outre, les cadres et agents des Douanes \u00e0 \u00abpoursuivre leur travail avec s\u00e9rieux et abn\u00e9gation et \u00e0 consentir davantage d&rsquo;efforts dans le cadre du strict respect des lois de la R\u00e9publique, en vue de pr\u00e9server l&rsquo;\u00e9conomie nationale, notamment dans le contexte actuel\u00bb. Prenant la parole, M. Bahamid s&rsquo;est f\u00e9licit\u00e9 de \u00abla nomination, pour la troisi\u00e8me fois cons\u00e9cutives, d&rsquo;un membre des Douanes \u00e0 la t\u00eate de cette institution qui doit encore relever beaucoup de d\u00e9fis\u00bb.<br \/>Ag\u00e9 de 48 ans et dipl\u00f4m\u00e9 de l&rsquo;Institut d&rsquo;\u00e9conomie douani\u00e8re et fiscale alg\u00e9ro-tunisien de Kol\u00e9a (w. Tipasa), M. Ouaret occupait auparavant le poste de sous-directeur des facilitations douani\u00e8res aupr\u00e8s de la Direction g\u00e9n\u00e9rale des douanes (DGD), avec le grade de contr\u00f4leur g\u00e9n\u00e9ral.<br \/>\u00a0<\/p>\n<p>Auteur: elmoudjahid<br \/>\n<a href=\"http:\/\/www.elmoudjahid.com\/fr\/actualites\/136085\">Cliquez ici pour lire l&rsquo;article depuis sa source.<\/a><\/p>\n","protected":false},"excerpt":{"rendered":"<p>M. Mohammed Ouaret a \u00e9t\u00e9 install\u00e9, hier \u00e0 Alger, dans ses fonctions\u00a0 de directeur g\u00e9n\u00e9ral (DG) des Douanes en remplacement de M. Farouk Bahamid, qui a occup\u00e9 ce poste depuis novembre 2017. Pr\u00e9sidant la c\u00e9r\u00e9monie d&rsquo;installation, le ministre des Finances, Mohamed Loukal, a affirm\u00e9 que la nomination de M. Ouaret \u00abs&rsquo;inscrit dans le cadre du [&hellip;]<\/p>\n","protected":false},"author":1744,"featured_media":0,"comment_status":"closed","ping_status":"closed","sticky":false,"template":"","format":"standard","meta":{"fifu_image_url":"","fifu_image_alt":"","footnotes":""},"categories":[73,53],"tags":[],"class_list":["post-29341","post","type-post","status-publish","format-standard","hentry","category-actualite","category-algerie"],"_links":{"self":[{"href":"https:\/\/linitiative.ca\/International\/wp-json\/wp\/v2\/posts\/29341","targetHints":{"allow":["GET"]}}],"collection":[{"href":"https:\/\/linitiative.ca\/International\/wp-json\/wp\/v2\/posts"}],"about":[{"href":"https:\/\/linitiative.ca\/International\/wp-json\/wp\/v2\/types\/post"}],"author":[{"embeddable":true,"href":"https:\/\/linitiative.ca\/International\/wp-json\/wp\/v2\/users\/1744"}],"replies":[{"embeddable":true,"href":"https:\/\/linitiative.ca\/International\/wp-json\/wp\/v2\/comments?post=29341"}],"version-history":[{"count":0,"href":"https:\/\/linitiative.ca\/International\/wp-json\/wp\/v2\/posts\/29341\/revisions"}],"wp:attachment":[{"href":"https:\/\/linitiative.ca\/International\/wp-json\/wp\/v2\/media?parent=29341"}],"wp:term":[{"taxonomy":"category","embeddable":true,"href":"https:\/\/linitiative.ca\/International\/wp-json\/wp\/v2\/categories?post=29341"},{"taxonomy":"post_tag","embeddable":true,"href":"https:\/\/linitiative.ca\/International\/wp-json\/wp\/v2\/tags?post=29341"}],"curies":[{"name":"wp","href":"https:\/\/api.w.org\/{rel}","templated":true}]}}