{"id":29342,"date":"2019-04-21T19:00:00","date_gmt":"2019-04-21T23:00:00","guid":{"rendered":"https:\/\/linitiative.ca\/International\/affaire-du-senateur-boudjouher-malik-reportee-pour-la-semaine-prochaine\/"},"modified":"2019-04-21T19:00:00","modified_gmt":"2019-04-21T23:00:00","slug":"affaire-du-senateur-boudjouher-malik-reportee-pour-la-semaine-prochaine","status":"publish","type":"post","link":"https:\/\/linitiative.ca\/International\/affaire-du-senateur-boudjouher-malik-reportee-pour-la-semaine-prochaine\/","title":{"rendered":"Affaire du s\u00e9nateur Boudjouher Malik :  Report\u00e9e pour la semaine  prochaine"},"content":{"rendered":"<p>Le tribunal de Tipasa a prononc\u00e9 hier, lors d&rsquo;une audience publique pr\u00e9sid\u00e9e par la juge Radia Benghezal, le report pour la 2e fois, du jugement de l&rsquo;affaire de Boudjouher Malik \u2014 membre du Conseil de la nation accus\u00e9 de corruption, en compagnie de deux autres pr\u00e9venus \u2014 \u00e0 la semaine prochaine. Ce report a \u00e9t\u00e9 prononc\u00e9 suite au refus de plaidoyer, signifi\u00e9 par ma\u00eetre Si Damou, avocat de l\u2019accus\u00e9, en avan\u00e7ant son soutien au mot d\u2019ordre de gr\u00e8ve de l\u2019Ordre des avocats, au moment o\u00f9 ses confr\u00e8res Zahi Said et Mokrane A\u00eft Larbi (avocats du s\u00e9nateur Boudjouher) ont plaid\u00e9 pour la mise en libert\u00e9 provisoire de leur mandant en avan\u00e7ant le \u00abnon-respect des proc\u00e9dures de lev\u00e9e d\u2019immunit\u00e9\u00bb. Un fait \u00e0 l\u2019origine d\u2019une grande tension constat\u00e9e \u00e0 cette audience, marqu\u00e9e par une pr\u00e9sence remarqu\u00e9e de citoyens et de membres des familles des accus\u00e9s dans cette affaire. Le tribunal a \u00e9galement prononc\u00e9, pour la 2e fois cons\u00e9cutive, le rejet de la demande de libert\u00e9 provisoire au profit de l\u2019accus\u00e9 principal dans cette affaire (s\u00e9nateur Boudjouher), au moment o\u00f9 des voix de citoyens et de membres de familles des victimes se sont \u00e9lev\u00e9es dans la salle d\u2019audience pour demander aux avocats d\u2019\u00abeffectuer leurs plaidoiries, en vue d\u2019un jugement \u00e9quitable de cette affaire\u00bb, dont les accus\u00e9s se trouvent en d\u00e9tention provisoire depuis ao\u00fbt dernier, a-t-on constat\u00e9 sur place.<br \/>\u00a0<\/p>\n<p>Auteur: elmoudjahid<br \/>\n<a href=\"http:\/\/www.elmoudjahid.com\/fr\/actualites\/136086\">Cliquez ici pour lire l&rsquo;article depuis sa source.<\/a><\/p>\n","protected":false},"excerpt":{"rendered":"<p>Le tribunal de Tipasa a prononc\u00e9 hier, lors d&rsquo;une audience publique pr\u00e9sid\u00e9e par la juge Radia Benghezal, le report pour la 2e fois, du jugement de l&rsquo;affaire de Boudjouher Malik \u2014 membre du Conseil de la nation accus\u00e9 de corruption, en compagnie de deux autres pr\u00e9venus \u2014 \u00e0 la semaine prochaine. Ce report a \u00e9t\u00e9 [&hellip;]<\/p>\n","protected":false},"author":1744,"featured_media":0,"comment_status":"closed","ping_status":"closed","sticky":false,"template":"","format":"standard","meta":{"fifu_image_url":"","fifu_image_alt":"","footnotes":""},"categories":[73,53],"tags":[],"class_list":["post-29342","post","type-post","status-publish","format-standard","hentry","category-actualite","category-algerie"],"_links":{"self":[{"href":"https:\/\/linitiative.ca\/International\/wp-json\/wp\/v2\/posts\/29342","targetHints":{"allow":["GET"]}}],"collection":[{"href":"https:\/\/linitiative.ca\/International\/wp-json\/wp\/v2\/posts"}],"about":[{"href":"https:\/\/linitiative.ca\/International\/wp-json\/wp\/v2\/types\/post"}],"author":[{"embeddable":true,"href":"https:\/\/linitiative.ca\/International\/wp-json\/wp\/v2\/users\/1744"}],"replies":[{"embeddable":true,"href":"https:\/\/linitiative.ca\/International\/wp-json\/wp\/v2\/comments?post=29342"}],"version-history":[{"count":0,"href":"https:\/\/linitiative.ca\/International\/wp-json\/wp\/v2\/posts\/29342\/revisions"}],"wp:attachment":[{"href":"https:\/\/linitiative.ca\/International\/wp-json\/wp\/v2\/media?parent=29342"}],"wp:term":[{"taxonomy":"category","embeddable":true,"href":"https:\/\/linitiative.ca\/International\/wp-json\/wp\/v2\/categories?post=29342"},{"taxonomy":"post_tag","embeddable":true,"href":"https:\/\/linitiative.ca\/International\/wp-json\/wp\/v2\/tags?post=29342"}],"curies":[{"name":"wp","href":"https:\/\/api.w.org\/{rel}","templated":true}]}}