{"id":29343,"date":"2019-04-21T19:00:00","date_gmt":"2019-04-21T23:00:00","guid":{"rendered":"https:\/\/linitiative.ca\/International\/mandat-de-depot-contre-said-bey-et-mandat-darret-contre-habib-chentouf\/"},"modified":"2019-04-21T19:00:00","modified_gmt":"2019-04-21T23:00:00","slug":"mandat-de-depot-contre-said-bey-et-mandat-darret-contre-habib-chentouf","status":"publish","type":"post","link":"https:\/\/linitiative.ca\/International\/mandat-de-depot-contre-said-bey-et-mandat-darret-contre-habib-chentouf\/","title":{"rendered":"Mandat de d\u00e9p\u00f4t contre Sa\u00efd Bey et mandat d&rsquo;arr\u00eat contre Habib Chentouf"},"content":{"rendered":"<p>Un mandat de d\u00e9p\u00f4t a \u00e9t\u00e9 d\u00e9livr\u00e9 \u00e0 l&rsquo;encontre de l&rsquo;ancien commandant de la 2e R\u00e9gion militaire (2e RM), Bey Sa\u00efd et un mandat d&rsquo;arr\u00eat a \u00e9t\u00e9 \u00e9mis \u00e0 l&rsquo;encontre de l&rsquo;ancien commandant de la 1re RM, Chentouf Habib, pour \u00abdissipation et recel d&rsquo;armes et de munitions de guerre et infraction aux consignes de l&rsquo;arm\u00e9e\u00bb, a indiqu\u00e9 hier la Cour d&rsquo;appel militaire de Blida dans un communiqu\u00e9.<\/p>\n<p>Auteur: elmoudjahid<br \/>\n<a href=\"http:\/\/www.elmoudjahid.com\/fr\/actualites\/136087\">Cliquez ici pour lire l&rsquo;article depuis sa source.<\/a><\/p>\n","protected":false},"excerpt":{"rendered":"<p>Un mandat de d\u00e9p\u00f4t a \u00e9t\u00e9 d\u00e9livr\u00e9 \u00e0 l&rsquo;encontre de l&rsquo;ancien commandant de la 2e R\u00e9gion militaire (2e RM), Bey Sa\u00efd et un mandat d&rsquo;arr\u00eat a \u00e9t\u00e9 \u00e9mis \u00e0 l&rsquo;encontre de l&rsquo;ancien commandant de la 1re RM, Chentouf Habib, pour \u00abdissipation et recel d&rsquo;armes et de munitions de guerre et infraction aux consignes de l&rsquo;arm\u00e9e\u00bb, [&hellip;]<\/p>\n","protected":false},"author":1744,"featured_media":0,"comment_status":"closed","ping_status":"closed","sticky":false,"template":"","format":"standard","meta":{"fifu_image_url":"","fifu_image_alt":"","footnotes":""},"categories":[73,53],"tags":[],"class_list":["post-29343","post","type-post","status-publish","format-standard","hentry","category-actualite","category-algerie"],"_links":{"self":[{"href":"https:\/\/linitiative.ca\/International\/wp-json\/wp\/v2\/posts\/29343","targetHints":{"allow":["GET"]}}],"collection":[{"href":"https:\/\/linitiative.ca\/International\/wp-json\/wp\/v2\/posts"}],"about":[{"href":"https:\/\/linitiative.ca\/International\/wp-json\/wp\/v2\/types\/post"}],"author":[{"embeddable":true,"href":"https:\/\/linitiative.ca\/International\/wp-json\/wp\/v2\/users\/1744"}],"replies":[{"embeddable":true,"href":"https:\/\/linitiative.ca\/International\/wp-json\/wp\/v2\/comments?post=29343"}],"version-history":[{"count":0,"href":"https:\/\/linitiative.ca\/International\/wp-json\/wp\/v2\/posts\/29343\/revisions"}],"wp:attachment":[{"href":"https:\/\/linitiative.ca\/International\/wp-json\/wp\/v2\/media?parent=29343"}],"wp:term":[{"taxonomy":"category","embeddable":true,"href":"https:\/\/linitiative.ca\/International\/wp-json\/wp\/v2\/categories?post=29343"},{"taxonomy":"post_tag","embeddable":true,"href":"https:\/\/linitiative.ca\/International\/wp-json\/wp\/v2\/tags?post=29343"}],"curies":[{"name":"wp","href":"https:\/\/api.w.org\/{rel}","templated":true}]}}