{"id":29344,"date":"2019-04-21T19:00:00","date_gmt":"2019-04-21T23:00:00","guid":{"rendered":"https:\/\/linitiative.ca\/International\/saison-estivale-et-hadj-faciliter-la-mobilite-des-voyageurs\/"},"modified":"2019-04-21T19:00:00","modified_gmt":"2019-04-21T23:00:00","slug":"saison-estivale-et-hadj-faciliter-la-mobilite-des-voyageurs","status":"publish","type":"post","link":"https:\/\/linitiative.ca\/International\/saison-estivale-et-hadj-faciliter-la-mobilite-des-voyageurs\/","title":{"rendered":"Saison estivale et hadj  : Faciliter la mobilit\u00e9 des voyageurs"},"content":{"rendered":"<p>Le ministre des Travaux publics et des Transports, Mustapha Kouraba, a instruit hier les responsables charg\u00e9s de la gestion des a\u00e9roports et ports alg\u00e9riens de faciliter et d&rsquo;all\u00e9ger les proc\u00e9dures d&rsquo;entr\u00e9e et de sortie des voyageurs en pr\u00e9vision de la saison estivale et celles li\u00e9es \u00e0 la mobilit\u00e9 des hadjis vers les Lieux saints. Ces instructions ont \u00e9t\u00e9 donn\u00e9es lors d&rsquo;une r\u00e9union de coordination pr\u00e9sid\u00e9e par le ministre et consacr\u00e9e \u00e0 l&rsquo;examen des diff\u00e9rentes mesures prises pour mieux pr\u00e9parer la saison estivale 2019 et faciliter la mobilit\u00e9 de nos hadjis vers les Lieux saints, indique un communiqu\u00e9 du minist\u00e8re. Ont pris part \u00e0 cette r\u00e9union des cadres de l&rsquo;Administration centrale, des directeurs g\u00e9n\u00e9raux de l&rsquo;Entreprise de gestion des services a\u00e9roportuaires d&rsquo;Alger, d&rsquo;Oran, de Constantine et d&rsquo;Annaba, ainsi que du directeur g\u00e9n\u00e9ral de la compagnie Air Alg\u00e9rie, le PDG de la compagnie a\u00e9rienne Tassili Airlines et l&rsquo;Entreprise nationale de transport maritime des voyageurs. D&rsquo;autres instructions ont \u00e9t\u00e9 \u00e9galement donn\u00e9es par le ministre en vue d&rsquo;am\u00e9liorer la qualit\u00e9 de l&rsquo;accueil r\u00e9serv\u00e9 aux h\u00f4tes de l&rsquo;Alg\u00e9rie, ajoute la m\u00eame source.<br \/>Par ailleurs, le ministre des Travaux publics et des Transports a mis l&rsquo;accent sur l&rsquo;importance de la maintenance p\u00e9riodique des diff\u00e9rentes structures a\u00e9roportuaires et portuaires ainsi que de l&rsquo;hygi\u00e8ne \u00e0 l&rsquo;int\u00e9rieur de ces structures.<\/p>\n<p>Auteur: elmoudjahid<br \/>\n<a href=\"http:\/\/www.elmoudjahid.com\/fr\/actualites\/136088\">Cliquez ici pour lire l&rsquo;article depuis sa source.<\/a><\/p>\n","protected":false},"excerpt":{"rendered":"<p>Le ministre des Travaux publics et des Transports, Mustapha Kouraba, a instruit hier les responsables charg\u00e9s de la gestion des a\u00e9roports et ports alg\u00e9riens de faciliter et d&rsquo;all\u00e9ger les proc\u00e9dures d&rsquo;entr\u00e9e et de sortie des voyageurs en pr\u00e9vision de la saison estivale et celles li\u00e9es \u00e0 la mobilit\u00e9 des hadjis vers les Lieux saints. Ces [&hellip;]<\/p>\n","protected":false},"author":1744,"featured_media":0,"comment_status":"closed","ping_status":"closed","sticky":false,"template":"","format":"standard","meta":{"fifu_image_url":"","fifu_image_alt":"","footnotes":""},"categories":[73,53],"tags":[],"class_list":["post-29344","post","type-post","status-publish","format-standard","hentry","category-actualite","category-algerie"],"_links":{"self":[{"href":"https:\/\/linitiative.ca\/International\/wp-json\/wp\/v2\/posts\/29344","targetHints":{"allow":["GET"]}}],"collection":[{"href":"https:\/\/linitiative.ca\/International\/wp-json\/wp\/v2\/posts"}],"about":[{"href":"https:\/\/linitiative.ca\/International\/wp-json\/wp\/v2\/types\/post"}],"author":[{"embeddable":true,"href":"https:\/\/linitiative.ca\/International\/wp-json\/wp\/v2\/users\/1744"}],"replies":[{"embeddable":true,"href":"https:\/\/linitiative.ca\/International\/wp-json\/wp\/v2\/comments?post=29344"}],"version-history":[{"count":0,"href":"https:\/\/linitiative.ca\/International\/wp-json\/wp\/v2\/posts\/29344\/revisions"}],"wp:attachment":[{"href":"https:\/\/linitiative.ca\/International\/wp-json\/wp\/v2\/media?parent=29344"}],"wp:term":[{"taxonomy":"category","embeddable":true,"href":"https:\/\/linitiative.ca\/International\/wp-json\/wp\/v2\/categories?post=29344"},{"taxonomy":"post_tag","embeddable":true,"href":"https:\/\/linitiative.ca\/International\/wp-json\/wp\/v2\/tags?post=29344"}],"curies":[{"name":"wp","href":"https:\/\/api.w.org\/{rel}","templated":true}]}}