{"id":29345,"date":"2019-04-21T19:00:00","date_gmt":"2019-04-21T23:00:00","guid":{"rendered":"https:\/\/linitiative.ca\/International\/attaques-terroristes-au-sri-lanka-lalgerie-condamne-avec-force\/"},"modified":"2019-04-21T19:00:00","modified_gmt":"2019-04-21T23:00:00","slug":"attaques-terroristes-au-sri-lanka-lalgerie-condamne-avec-force","status":"publish","type":"post","link":"https:\/\/linitiative.ca\/International\/attaques-terroristes-au-sri-lanka-lalgerie-condamne-avec-force\/","title":{"rendered":"Attaques terroristes au Sri Lanka  : L\u2019Alg\u00e9rie condamne \u00ab avec force \u00bb"},"content":{"rendered":"<p>L&rsquo;Alg\u00e9rie a condamn\u00e9 \u00abavec force\u00bb les attaques terroristes meurtri\u00e8res qui ont cibl\u00e9 hier des fid\u00e8les dans des \u00e9glises ainsi que des citoyens et des touristes \u00e9trangers dans de nombreux h\u00f4tels du Sri Lanka, a indiqu\u00e9 le porte-parole du minist\u00e8re des Affaires \u00e9trang\u00e8res. \u00abNous condamnons avec force les attaques terroristes meurtri\u00e8res qui ont cibl\u00e9, ce dimanche de P\u00e2ques, des fid\u00e8les dans des \u00e9glises ainsi que des citoyens et des touristes \u00e9trangers dans de nombreux h\u00f4tels du Sri Lanka\u00bb, a indiqu\u00e9 Abdelaziz Benali Cherif dans une d\u00e9claration \u00e0 l&rsquo;APS. Il a ajout\u00e9 que cette \u00abviolence terroriste, qu\u2019aucune cause ne peut justifier, transgresse toutes les valeurs humaines et religieuses et interpelle la communaut\u00e9 internationale sur la n\u00e9cessit\u00e9 imp\u00e9rieuse d\u2019\u0153uvrer davantage \u00e0 f\u00e9d\u00e9rer les efforts pour d\u00e9gager une d\u00e9marche efficiente de lutte contre tous les extr\u00e9mismes qui alimentent la violence et le terrorisme\u00bb. \u00abNous exprimons notre sympathie avec les familles de toutes les victimes ainsi qu\u2019avec le peuple et le gouvernement sri-lankais\u00bb, a-t-il relev\u00e9.<br \/>Au moins 207 personnes ont p\u00e9ri dans une s\u00e9rie d&rsquo;explosions qui ont frapp\u00e9 hier des \u00e9glises et des h\u00f4tels du Sri Lanka, selon un bilan communiqu\u00e9 par la police sri-lankaise qui a fait \u00e9tat aussi de 450 bless\u00e9s.<\/p>\n<p>Auteur: elmoudjahid<br \/>\n<a href=\"http:\/\/www.elmoudjahid.com\/fr\/actualites\/136089\">Cliquez ici pour lire l&rsquo;article depuis sa source.<\/a><\/p>\n","protected":false},"excerpt":{"rendered":"<p>L&rsquo;Alg\u00e9rie a condamn\u00e9 \u00abavec force\u00bb les attaques terroristes meurtri\u00e8res qui ont cibl\u00e9 hier des fid\u00e8les dans des \u00e9glises ainsi que des citoyens et des touristes \u00e9trangers dans de nombreux h\u00f4tels du Sri Lanka, a indiqu\u00e9 le porte-parole du minist\u00e8re des Affaires \u00e9trang\u00e8res. \u00abNous condamnons avec force les attaques terroristes meurtri\u00e8res qui ont cibl\u00e9, ce dimanche [&hellip;]<\/p>\n","protected":false},"author":1744,"featured_media":0,"comment_status":"closed","ping_status":"closed","sticky":false,"template":"","format":"standard","meta":{"fifu_image_url":"","fifu_image_alt":"","footnotes":""},"categories":[73,53],"tags":[],"class_list":["post-29345","post","type-post","status-publish","format-standard","hentry","category-actualite","category-algerie"],"_links":{"self":[{"href":"https:\/\/linitiative.ca\/International\/wp-json\/wp\/v2\/posts\/29345","targetHints":{"allow":["GET"]}}],"collection":[{"href":"https:\/\/linitiative.ca\/International\/wp-json\/wp\/v2\/posts"}],"about":[{"href":"https:\/\/linitiative.ca\/International\/wp-json\/wp\/v2\/types\/post"}],"author":[{"embeddable":true,"href":"https:\/\/linitiative.ca\/International\/wp-json\/wp\/v2\/users\/1744"}],"replies":[{"embeddable":true,"href":"https:\/\/linitiative.ca\/International\/wp-json\/wp\/v2\/comments?post=29345"}],"version-history":[{"count":0,"href":"https:\/\/linitiative.ca\/International\/wp-json\/wp\/v2\/posts\/29345\/revisions"}],"wp:attachment":[{"href":"https:\/\/linitiative.ca\/International\/wp-json\/wp\/v2\/media?parent=29345"}],"wp:term":[{"taxonomy":"category","embeddable":true,"href":"https:\/\/linitiative.ca\/International\/wp-json\/wp\/v2\/categories?post=29345"},{"taxonomy":"post_tag","embeddable":true,"href":"https:\/\/linitiative.ca\/International\/wp-json\/wp\/v2\/tags?post=29345"}],"curies":[{"name":"wp","href":"https:\/\/api.w.org\/{rel}","templated":true}]}}