{"id":29346,"date":"2019-04-21T19:00:00","date_gmt":"2019-04-21T23:00:00","guid":{"rendered":"https:\/\/linitiative.ca\/International\/baccalaureat-2019-la-correction-des-copies-se-fera-a-partir-du-25-juin\/"},"modified":"2019-04-21T19:00:00","modified_gmt":"2019-04-21T23:00:00","slug":"baccalaureat-2019-la-correction-des-copies-se-fera-a-partir-du-25-juin","status":"publish","type":"post","link":"https:\/\/linitiative.ca\/International\/baccalaureat-2019-la-correction-des-copies-se-fera-a-partir-du-25-juin\/","title":{"rendered":"Baccalaur\u00e9at 2019 : La correction des copies se fera \u00e0 partir du 25 juin"},"content":{"rendered":"<p><strong>Tous les pr\u00e9paratifs relatifs aux examens nationaux sont finalis\u00e9s par les services du minist\u00e8re de l\u2019\u00c9ducation, et de l\u2019Office national des examens et concours (ONEC). En effet, outre le parach\u00e8vement de l\u2019op\u00e9ration des r\u00e9partitions des candidats \u00e0 travers les centres des examens, il a \u00e9t\u00e9 proc\u00e9d\u00e9 \u00e0 la remise des convocations au profit des enseignants et correcteurs charg\u00e9s de cette op\u00e9ration. En fait, rien n\u2019a \u00e9t\u00e9 oubli\u00e9, m\u00eame la date des corrections du baccalaur\u00e9at a \u00e9t\u00e9 fix\u00e9e.<\/strong><\/p>\n<p>\u00c0 cet effet, on apprend que les enseignants correcteurs devront entamer l\u2019op\u00e9ration de correction des sujets \u00e0 partir du 25 juin prochain, soit cinq jours apr\u00e8s la fin des \u00e9preuves du baccalaur\u00e9at Cette op\u00e9ration durera entre 15 et 20 jours, et ce en fonction du temps dont aura besoin le correcteur pour corriger les copies. Pour assurer le bon d\u00e9roulement de cette op\u00e9ration, les enseignants seront affect\u00e9s au niveau des Centres de correction \u00e9quip\u00e9s de climatiseurs et autres commodit\u00e9s n\u00e9cessaires pour garantir leur confort dans les meilleures conditions d\u2019exercice de leur mission.<br \/>Rappelons que le ministre de l\u2019\u00c9ducation, M. Abdelhakim Belabed, qui est un enfant du secteur, a tenu, lors de sa derni\u00e8re sortie m\u00e9diatique, \u00e0 rassurer tous les \u00e9l\u00e8ves des classes d\u2019examens, tous cycles confondus, sue le fait que leurs \u00e9tablissements \u00abferont le n\u00e9cessaire afin de parachever les programmes p\u00e9dagogiques dans les temps\u00bb. M. Belabed a instruit, dans ce sillage, les inspecteurs de faire le point sur les retards dans les cours des \u00e9l\u00e8ves des classes d\u2019examens estim\u00e9s \u00e0 13 jours. Il a, d\u2019ailleurs, donn\u00e9 des instructions fermes pour le rattrapage des cours, d\u2019autant que les examens officiels de fin d\u2019ann\u00e9e, notamment le BEM et le baccalaur\u00e9at, sont pr\u00e9vus d\u2019ici un mois et demi, et qui concerneront plus\u00a0 de 2,1 millions de candidats qui passeront leurs examens dans pr\u00e8s de 18.600 centres.<br \/>Le premier responsable du secteur avait \u00e9galement soutenu que les candidats auront dans chaque mati\u00e8re, le choix entre deux sujets et b\u00e9n\u00e9ficieront de 30 minutes suppl\u00e9mentaires pour chaque examen. D\u2019apr\u00e8s les donn\u00e9es fournies par le minist\u00e8re, le nombre global d\u2019\u00e9l\u00e8ves qui passent le baccalaur\u00e9at est de 674.831 candidats, dont 54,57% sont des filles, Le nombre d\u2019\u00e9l\u00e8ves inscrits au BEM est de 631.395, avec un taux 52,26% de filles, tandis que le nombre d\u2019inscrits\u00a0 \u00e0 la 5e AP est de 812.655 candidats.<br \/>Quelque\u00a0 735.058 encadreurs seront mobilis\u00e9s au niveau des 18.570 centres d\u2019examens, de 47 regroupements, et de 191 centres de codage et de correction pour le bon d\u00e9roulement des \u00e9preuves.<br \/>Les dates de proclamation des r\u00e9sultats des trois examens de fin d\u2019ann\u00e9e scolaire est pr\u00e9vue pour le bac, le 20 juillet, ceux du BEM seront annonc\u00e9s le 1er juillet et de fin de cycle primaire 5 AP le 16 juin.<br \/>En outre, le minist\u00e8re de l\u2019\u00c9ducation a pris, pour cette session, une batterie de mesures qui consistent \u00e0 s\u00e9curiser les \u00e9preuves et lutter contre la fraude et \u00e9viter les cas de triche, et assurer ainsi l\u2019\u00e9galit\u00e9 des chances entre tous les candidats. Le minist\u00e8re de l\u2019\u00c9ducation nationale s\u2019engage, encore cette ann\u00e9e, \u00e0 d\u00e9ployer les moyens mat\u00e9riels et humains, \u00e0 m\u00eame de garantir aux candidats aux diff\u00e9rentes \u00e9preuves de fin de cycle, \u00e0 savoir le primaire, le moyen et le secondaire, les conditions n\u00e9cessaires pour le bon d\u00e9roulement des examens.<br \/>Le ministre a \u00e9galement\u00a0 annonc\u00e9\u00a0 de nouvelles mesures pour l\u2019examen du bac 2019. Parmi les mesures prises, on trouve le retour de la fermeture de centres d\u2019examens \u00e0 8h, heure \u00e0 partir de laquelle\u00a0 aucun retard ne sera tol\u00e9r\u00e9 lors des \u00e9preuves du baccalaur\u00e9at et du BEM. \u00abAucun retard ne sera admis pour les candidats. Tout candidat qui arrivera au centre apr\u00e8s 8 heures sera priv\u00e9 d\u2019examen, sachant que les centres d\u2019examens ouvrent leurs portes \u00e0 8h\u00bb, a d\u00e9clar\u00e9 M. Belabed, en ajoutant que \u00ables candidats ne sont pas autoris\u00e9s \u00e0 quitter la salle, sans quelque motif que ce soit, avant la fin de l\u2019examen\u00bb.<br \/>De m\u00eame pour les surveillants, il a \u00e9t\u00e9 \u00e9dict\u00e9 de l\u2019obligation de se pr\u00e9senter une demi-heure avant l\u2019entr\u00e9e en classe des \u00e9l\u00e8ves, soit \u00e0 7h30, et qu\u2019aucune absence non justifi\u00e9e des enseignants concern\u00e9s par la surveillance des examens ne sera accept\u00e9e.<br \/>Sarah A. Benali Cherif<br \/>\u00a0<\/p>\n<p>Auteur: elmoudjahid<br \/>\n<a href=\"http:\/\/www.elmoudjahid.com\/fr\/actualites\/136090\">Cliquez ici pour lire l&rsquo;article depuis sa source.<\/a><\/p>\n","protected":false},"excerpt":{"rendered":"<p>Tous les pr\u00e9paratifs relatifs aux examens nationaux sont finalis\u00e9s par les services du minist\u00e8re de l\u2019\u00c9ducation, et de l\u2019Office national des examens et concours (ONEC). En effet, outre le parach\u00e8vement de l\u2019op\u00e9ration des r\u00e9partitions des candidats \u00e0 travers les centres des examens, il a \u00e9t\u00e9 proc\u00e9d\u00e9 \u00e0 la remise des convocations au profit des enseignants [&hellip;]<\/p>\n","protected":false},"author":1744,"featured_media":0,"comment_status":"closed","ping_status":"closed","sticky":false,"template":"","format":"standard","meta":{"fifu_image_url":"","fifu_image_alt":"","footnotes":""},"categories":[73,53],"tags":[],"class_list":["post-29346","post","type-post","status-publish","format-standard","hentry","category-actualite","category-algerie"],"_links":{"self":[{"href":"https:\/\/linitiative.ca\/International\/wp-json\/wp\/v2\/posts\/29346","targetHints":{"allow":["GET"]}}],"collection":[{"href":"https:\/\/linitiative.ca\/International\/wp-json\/wp\/v2\/posts"}],"about":[{"href":"https:\/\/linitiative.ca\/International\/wp-json\/wp\/v2\/types\/post"}],"author":[{"embeddable":true,"href":"https:\/\/linitiative.ca\/International\/wp-json\/wp\/v2\/users\/1744"}],"replies":[{"embeddable":true,"href":"https:\/\/linitiative.ca\/International\/wp-json\/wp\/v2\/comments?post=29346"}],"version-history":[{"count":0,"href":"https:\/\/linitiative.ca\/International\/wp-json\/wp\/v2\/posts\/29346\/revisions"}],"wp:attachment":[{"href":"https:\/\/linitiative.ca\/International\/wp-json\/wp\/v2\/media?parent=29346"}],"wp:term":[{"taxonomy":"category","embeddable":true,"href":"https:\/\/linitiative.ca\/International\/wp-json\/wp\/v2\/categories?post=29346"},{"taxonomy":"post_tag","embeddable":true,"href":"https:\/\/linitiative.ca\/International\/wp-json\/wp\/v2\/tags?post=29346"}],"curies":[{"name":"wp","href":"https:\/\/api.w.org\/{rel}","templated":true}]}}