{"id":29351,"date":"2019-04-22T08:57:20","date_gmt":"2019-04-22T12:57:20","guid":{"rendered":"https:\/\/linitiative.ca\/International\/88441-ligue-1-mobilis-le-mco-dans-la-tourmente-l-entraineur-cavalli-s-en-lave-les-mains\/"},"modified":"2019-04-22T08:57:20","modified_gmt":"2019-04-22T12:57:20","slug":"88441-ligue-1-mobilis-le-mco-dans-la-tourmente-l-entraineur-cavalli-s-en-lave-les-mains","status":"publish","type":"post","link":"https:\/\/linitiative.ca\/International\/88441-ligue-1-mobilis-le-mco-dans-la-tourmente-l-entraineur-cavalli-s-en-lave-les-mains\/","title":{"rendered":"Ligue 1 Mobilis: le MCO dans la tourmente, l\u2019entraineur Cavalli s\u2019en lave les mains"},"content":{"rendered":"<div>\n<div class=\"K2FeedImage\"><img decoding=\"async\" src=\"http:\/\/www.aps.dz\/media\/k2\/items\/cache\/87b1c4ac18f9f67c986dc900fa413c0b_S.jpg\" alt=\"Ligue 1 Mobilis: le MCO dans la tourmente, l\u2019entraineur Cavalli s\u2019en lave les mains\"><\/div>\n<div class=\"K2FeedIntroText\">\n<p><strong>ORAN &#8211; La situation du MC Oran s\u2019est d\u00e9grad\u00e9e un peu plus apr\u00e8s sa deuxi\u00e8me d\u00e9faite de rang cette fois-ci sur le terrain de la JS Kabylie (4-2) dimanche en match comptant pour la 26e journ\u00e9e de la Ligue 1 de football au moment o\u00f9 son entraineur Jean Michel Cavalli s\u2019en lave les mains.<\/strong><\/p>\n<\/div>\n<div class=\"K2FeedFullText\">\n<p>\u00ab\u00a0La situation du MCO \u00e9tait d\u00e9j\u00e0 compliqu\u00e9e au d\u00e9part. Nous avons fait face dans ce match \u00e0 une tr\u00e8s bonne \u00e9quipe de la JSK qui nous a \u00e9t\u00e9 tout simplement sup\u00e9rieure\u00a0\u00bb, a d\u00e9clar\u00e9 le coach fran\u00e7ais en conf\u00e9rence de presse d\u2019apr\u00e8s match.<\/p>\n<blockquote>\n<p><em><strong>\u00ab\u00a0Il faudra vite tourner la page et revoir notre copie en vue de notre prochain match face au DRB Tadjanet, un match qu\u2019il ne faudra surtout pas perdre\u00a0\u00bb, a-t-il ajout\u00e9.<\/strong><\/em><\/p>\n<\/blockquote>\n<p>Appel\u00e9 \u00e0 la rescousse pour succ\u00e9der \u00e0 Omar Belatoui peu apr\u00e8s le d\u00e9but de la phase retour, l\u2019ancien s\u00e9lectionneur d\u2019Alg\u00e9rie n\u2019a pas r\u00e9ussi \u00e0 provoquer le d\u00e9clic escompt\u00e9. Les \u00ab\u00a0Hamraoua\u00a0\u00bb n\u2019ont remport\u00e9 qu\u2019un seul match sur les six jou\u00e9s sous sa houlette, poursuivant ainsi leur descente en enfer, pour se retrouver plus que jamais menac\u00e9s de rel\u00e9gation.<\/p>\n<hr>\n<h3>Lire aussi:\u00a0<a href=\"http:\/\/www.aps.dz\/sport\/88043-ligue-1-menace-de-relegation-le-mc-oran-a-l-heure-des-calculs\" target=\"_blank\" rel=\"noopener noreferrer\">Ligue 1 : menac\u00e9 de rel\u00e9gation, le MC Oran \u00e0 l\u2019heure des calculs<\/a>\u00a0<\/h3>\n<hr>\n<blockquote>\n<p><em><strong>\u00ab\u00a0Nous avons toujours notre destin entre les mains. On doit au moins revenir avec un nul de notre prochain d\u00e9placement \u00e0 Tadjenanet, tout en faisant le plein lors des deux derni\u00e8res sorties \u00e0 domicile. Garder notre s\u00e9r\u00e9nit\u00e9, sera la cl\u00e9 de notre maintien\u00a0\u00bb, a encore estim\u00e9 Cavalli, le quatri\u00e8me coach \u00e0 diriger le club phare de la capitale de l\u2019Ouest cette saison, apr\u00e8s Badou Zaki, Omar Belatoui et A\u00efssa Kinane.<\/strong><\/em><\/p>\n<\/blockquote>\n<p>A l\u2019issue de la 26e journ\u00e9e du championnat, le MCO partage la 13e place avec l\u2019O M\u00e9d\u00e9a pour 28 points chacun. L\u2019\u00e9quipe affrontera le DRBT, un concurrent direct dans la course au maintien, lors de la prochaine journ\u00e9e.<\/p>\n<p>Par ailleurs, le wali d\u2019Oran a d\u00e9p\u00each\u00e9 une d\u00e9l\u00e9gation officielle \u00e0 Tizi Ouzou pour \u00eatre au chevet des supporters du MCO victimes d\u2019un accident de circulation survenu dimanche soir apr\u00e8s le match face \u00e0 la JSK, a-t-on appris aupr\u00e8s des services de la wilaya.<\/p>\n<p>Une vingtaine de fans, dont le bus a \u00e9t\u00e9 renvers\u00e9, ont \u00e9t\u00e9 bless\u00e9s, mais seuls deux entre eux ont \u00e9t\u00e9 admis au bloc des op\u00e9rations, alors que les autres ont \u00e9t\u00e9 autoris\u00e9s \u00e0 quitter l\u2019h\u00f4pital apr\u00e8s avoir re\u00e7us les soins n\u00e9cessaires, ajoute-t-on de m\u00eame source, pr\u00e9cisant que les supporters en question ont \u00e9t\u00e9 pris en charge par les autorit\u00e9s locales de la wilaya de Tizi-Ouzou.<\/p>\n<\/div>\n<p><img loading=\"lazy\" decoding=\"async\" src=\"http:\/\/feeds.feedburner.com\/~r\/aps-sport\/~4\/uppQ1uSH47E\" height=\"1\" width=\"1\" alt=\"\"><\/div>\n<p>Auteur:<br \/>\n<a href=\"http:\/\/www.aps.dz\/sport\/88441-ligue-1-mobilis-le-mco-dans-la-tourmente-l-entraineur-cavalli-s-en-lave-les-mains?utm_source=feedburner&#038;utm_medium=feed&#038;utm_campaign=Feed%3A+aps-sport+%28APS+-+SPORT%29\">Cliquez ici pour lire l&rsquo;article depuis sa source.<\/a><\/p>\n","protected":false},"excerpt":{"rendered":"<p>ORAN &#8211; La situation du MC Oran s\u2019est d\u00e9grad\u00e9e un peu plus apr\u00e8s sa deuxi\u00e8me d\u00e9faite de rang cette fois-ci sur le terrain de la JS Kabylie (4-2) dimanche en match comptant pour la 26e journ\u00e9e de la Ligue 1 de football au moment o\u00f9 son entraineur Jean Michel Cavalli s\u2019en lave les mains. \u00ab\u00a0La [&hellip;]<\/p>\n","protected":false},"author":1790,"featured_media":29352,"comment_status":"closed","ping_status":"closed","sticky":false,"template":"","format":"standard","meta":{"fifu_image_url":"","fifu_image_alt":"","footnotes":""},"categories":[53,75],"tags":[],"class_list":["post-29351","post","type-post","status-publish","format-standard","has-post-thumbnail","hentry","category-algerie","category-sport"],"_links":{"self":[{"href":"https:\/\/linitiative.ca\/International\/wp-json\/wp\/v2\/posts\/29351","targetHints":{"allow":["GET"]}}],"collection":[{"href":"https:\/\/linitiative.ca\/International\/wp-json\/wp\/v2\/posts"}],"about":[{"href":"https:\/\/linitiative.ca\/International\/wp-json\/wp\/v2\/types\/post"}],"author":[{"embeddable":true,"href":"https:\/\/linitiative.ca\/International\/wp-json\/wp\/v2\/users\/1790"}],"replies":[{"embeddable":true,"href":"https:\/\/linitiative.ca\/International\/wp-json\/wp\/v2\/comments?post=29351"}],"version-history":[{"count":0,"href":"https:\/\/linitiative.ca\/International\/wp-json\/wp\/v2\/posts\/29351\/revisions"}],"wp:featuredmedia":[{"embeddable":true,"href":"https:\/\/linitiative.ca\/International\/wp-json\/"}],"wp:attachment":[{"href":"https:\/\/linitiative.ca\/International\/wp-json\/wp\/v2\/media?parent=29351"}],"wp:term":[{"taxonomy":"category","embeddable":true,"href":"https:\/\/linitiative.ca\/International\/wp-json\/wp\/v2\/categories?post=29351"},{"taxonomy":"post_tag","embeddable":true,"href":"https:\/\/linitiative.ca\/International\/wp-json\/wp\/v2\/tags?post=29351"}],"curies":[{"name":"wp","href":"https:\/\/api.w.org\/{rel}","templated":true}]}}