{"id":29355,"date":"2019-04-22T10:13:18","date_gmt":"2019-04-22T14:13:18","guid":{"rendered":"https:\/\/linitiative.ca\/International\/88447-federation-algerienne-de-tir-sportif-abdrezzak-lazreg-elu-nouveau-president\/"},"modified":"2019-04-22T10:13:18","modified_gmt":"2019-04-22T14:13:18","slug":"88447-federation-algerienne-de-tir-sportif-abdrezzak-lazreg-elu-nouveau-president","status":"publish","type":"post","link":"https:\/\/linitiative.ca\/International\/88447-federation-algerienne-de-tir-sportif-abdrezzak-lazreg-elu-nouveau-president\/","title":{"rendered":"F\u00e9d\u00e9ration alg\u00e9rienne de tir sportif : Abdrezzak Lazreg \u00e9lu nouveau pr\u00e9sident"},"content":{"rendered":"<div>\n<div class=\"K2FeedImage\"><img decoding=\"async\" src=\"http:\/\/www.aps.dz\/media\/k2\/items\/cache\/7f582241050f80b86df2496b4b2de3c6_S.jpg\" alt=\"La s\u00e9lection nationale en s\u00e9ance de tir \u00e0 Rabat avant le championnat arabe de 2018\"><\/div>\n<div class=\"K2FeedIntroText\">\n<p>ALGER &#8211; Le pr\u00e9sident de la Ligue de Boumerdes, Abdrezzak Lazreg a \u00e9t\u00e9 \u00e9lu nouveau pr\u00e9sident de la F\u00e9d\u00e9ration alg\u00e9rienne de tir sportif (FATS), apr\u00e8s avoir obtenu 10 des 20 voix prononc\u00e9es lors de l&rsquo;Assembl\u00e9e g\u00e9n\u00e9rale \u00e9lective de l&rsquo;instance (AGE), tenue lundi \u00e0 la Maison des F\u00e9d\u00e9rations de D\u00e9ly-Brahim (Alger).<\/p>\n<\/div>\n<div class=\"K2FeedFullText\">\n<p>Son concurrent Rabah Bouzid, qui a pr\u00e9sid\u00e9 l&rsquo;instance durant le mandat olympique 2013-2016, a obtenu neuf\u00a0 voix, au moment o\u00f9 le vingti\u00e8me et dernier bulletin a \u00e9t\u00e9 consid\u00e9r\u00e9 nul.<\/p>\n<p>Lazreg sera appel\u00e9 \u00e0 collaborer avec huit membres, ayant \u00e9t\u00e9 \u00e9lus en m\u00eame temps que lui, pour former le nouveau bureau f\u00e9d\u00e9ral de l&rsquo;instance, \u00e0 savoir : Hammoud Ouadah (19 voix), Tagzirt Farid (12 voix), Cheikh Chakour (12 voix), Semache Ramdane (11 voix), Abdelkrim Boulenouar (10 voix), Adjemi La\u00efssaoui (10 voix), Mohamed Ould-Ali (10 voix) et Djamel Zoubiri (9 voix).<\/p>\n<p>Deux autres candidats avaient obtenu neuf voix dans ce suffrage, \u00e0 savoir Salah-Eddine Belloula et Abdlehak Alem, mais c&rsquo;est finalement Zoubiri qui a \u00e9t\u00e9 retenu, car plus \u00e2g\u00e9 que les deux autres.<\/p>\n<p>Les r\u00e8glements de la FATS stipulent en effet qu&rsquo;en cas d&rsquo;\u00e9galit\u00e9 entre les derniers candidats \u00e0 faire partie du bureau, la priorit\u00e9 sera donn\u00e9e au membre le plus \u00e2g\u00e9, et c&rsquo;est Zoubiri qui remplissait cette condition.<\/p>\n<hr>\n<p><em><strong>Lire aussi:\u00a0<\/strong><\/em><a href=\"http:\/\/www.aps.dz\/sport\/88336-ag-elective-de-la-fabb-rabah-bouarifi-elu-president-jusqu-a-la-fin-du-mandat-olympique-en-cours\">FABB: Rabah Bouarifi \u00e9lu pr\u00e9sident jusqu&rsquo;\u00e0 la fin du mandat olympique en cours<\/a><\/p>\n<hr>\n<p>Outre les dix noms suscit\u00e9s, deux autres personnes \u00e9taient candidates \u00e0 faire partie du nouveau bureau de la FATS, \u00e0 savoir Amar Zahi, qui a r\u00e9colt\u00e9 huit voix lors du suffrage, ainsi que Hir\u00e8che Boudali, qui lui \u00e9tait absent.<\/p>\n<p>Ce dernier avait donn\u00e9 une procuration \u00e0 un membre de l&rsquo;Assembl\u00e9e pour le remplacer au moment du vote, mais ce remplacement n&rsquo;a pas \u00e9t\u00e9 autoris\u00e9 par Djamel Amraoui, le repr\u00e9sentant du minist\u00e8re de la Jeunesse et des Sports (MJS), qui a rappel\u00e9 \u00e0 l&rsquo;assistance que selon les r\u00e8glements en vigueurs, \u00ab\u00a0la pr\u00e9sence physique du candidat concern\u00e9 est obligatoire\u00a0\u00bb.<\/p>\n<p>De son c\u00f4t\u00e9, le nouveau pr\u00e9sident de l&rsquo;instance Abderezzak Lazreg\u00a0 a commenc\u00e9 par \u00ab\u00a0remercier les membres de l&rsquo;Assembl\u00e9e pour la confiance\u00a0\u00bb qu&rsquo;ils ont plac\u00e9e en lui, en promettant de faire de son mieux \u00ab\u00a0pour \u00eatre \u00e0 la hauteur\u00a0\u00bb.<\/p>\n<p>Concernant ses \u00ab\u00a0priorit\u00e9s\u00a0\u00bb en tant que nouveau premier responsable de l&rsquo;instance, Lazreg a consid\u00e9r\u00e9 qu&rsquo;il doit \u00ab\u00a0commencer par rassembler toute la famille du tir sportif, en encourageant ses diff\u00e9rents membres \u00e0 travailler main dans la main, car les personnes qui agissent seules n&rsquo;arrivent \u00e0 rien, m\u00eame si elles sont anim\u00e9es par toutes les bonnes volont\u00e9s du monde\u00a0\u00bb.<\/p>\n<hr>\n<p><em><strong>Lire aussi:\u00a0<\/strong><\/em><a href=\"http:\/\/www.aps.dz\/sport\/88302-federation-algerienne-de-cyclisme-ag-elective-installation-des-commissions-de-candidatures-et-de-recours\">F\u00e9d\u00e9ration alg\u00e9rienne de cyclisme: installation des Commissions de candidatures et de recours<\/a><\/p>\n<hr>\n<p>Lazreg s&rsquo;est engag\u00e9 \u00e9galement \u00e0 \u00ab\u00a0lutter contre l&rsquo;exclusion\u00a0\u00bb car c&rsquo;est selon lui \u00ab\u00a0une des principales raisons qui ont conduit la F\u00e9d\u00e9ration \u00e0 cette crise\u00a0\u00bb.<\/p>\n<p>Le nouveau pr\u00e9sident de la FATS n&rsquo;a pas cach\u00e9 son espoir d&rsquo;obtenir \u00ab\u00a0des r\u00e9sultats rapides\u00a0\u00bb, car d&rsquo;importantes \u00e9ch\u00e9ances attendent le tir sportif alg\u00e9rien, \u00e0 commencer par les Championnats d&rsquo;Afrique de 2019, pr\u00e9vus en septembre prochain et qui seront qualificatifs aux Jeux Olympiques de Tokyo.<\/p>\n<p>\u00ab\u00a0M\u00eame les Jeux m\u00e9diterran\u00e9ens de 2021 ne sont plus tr\u00e8s loin et ont donc commencer \u00e0 les pr\u00e9parer d\u00e8s maintenant, surtout qu&rsquo;ils auront lieu chez-nous et que nous esp\u00e9rons y faire bonne figure\u00a0\u00bb a-t-il conclu.<\/p>\n<p>Pour rappel, l&rsquo;Assembl\u00e9e g\u00e9n\u00e9rale de la FATS avait rejet\u00e9 le 27 f\u00e9vrier dernier les bilans moral et financier de l&rsquo;ancien bureau f\u00e9d\u00e9ral, pr\u00e9sid\u00e9 par Ali Hamlat, qui a fait face depuis son \u00e9lection en 2017 \u00e0 de nombreux conflits avec les membres de son bureau.<\/p>\n<\/div>\n<p><img loading=\"lazy\" decoding=\"async\" src=\"http:\/\/feeds.feedburner.com\/~r\/aps-sport\/~4\/phadkEZK4Kk\" height=\"1\" width=\"1\" alt=\"\"><\/div>\n<p>Auteur:<br \/>\n<a href=\"http:\/\/www.aps.dz\/sport\/88447-federation-algerienne-de-tir-sportif-abdrezzak-lazreg-elu-nouveau-president?utm_source=feedburner&#038;utm_medium=feed&#038;utm_campaign=Feed%3A+aps-sport+%28APS+-+SPORT%29\">Cliquez ici pour lire l&rsquo;article depuis sa source.<\/a><\/p>\n","protected":false},"excerpt":{"rendered":"<p>ALGER &#8211; Le pr\u00e9sident de la Ligue de Boumerdes, Abdrezzak Lazreg a \u00e9t\u00e9 \u00e9lu nouveau pr\u00e9sident de la F\u00e9d\u00e9ration alg\u00e9rienne de tir sportif (FATS), apr\u00e8s avoir obtenu 10 des 20 voix prononc\u00e9es lors de l&rsquo;Assembl\u00e9e g\u00e9n\u00e9rale \u00e9lective de l&rsquo;instance (AGE), tenue lundi \u00e0 la Maison des F\u00e9d\u00e9rations de D\u00e9ly-Brahim (Alger). Son concurrent Rabah Bouzid, qui [&hellip;]<\/p>\n","protected":false},"author":1790,"featured_media":29356,"comment_status":"closed","ping_status":"closed","sticky":false,"template":"","format":"standard","meta":{"fifu_image_url":"","fifu_image_alt":"","footnotes":""},"categories":[53,75],"tags":[],"class_list":["post-29355","post","type-post","status-publish","format-standard","has-post-thumbnail","hentry","category-algerie","category-sport"],"_links":{"self":[{"href":"https:\/\/linitiative.ca\/International\/wp-json\/wp\/v2\/posts\/29355","targetHints":{"allow":["GET"]}}],"collection":[{"href":"https:\/\/linitiative.ca\/International\/wp-json\/wp\/v2\/posts"}],"about":[{"href":"https:\/\/linitiative.ca\/International\/wp-json\/wp\/v2\/types\/post"}],"author":[{"embeddable":true,"href":"https:\/\/linitiative.ca\/International\/wp-json\/wp\/v2\/users\/1790"}],"replies":[{"embeddable":true,"href":"https:\/\/linitiative.ca\/International\/wp-json\/wp\/v2\/comments?post=29355"}],"version-history":[{"count":0,"href":"https:\/\/linitiative.ca\/International\/wp-json\/wp\/v2\/posts\/29355\/revisions"}],"wp:featuredmedia":[{"embeddable":true,"href":"https:\/\/linitiative.ca\/International\/wp-json\/"}],"wp:attachment":[{"href":"https:\/\/linitiative.ca\/International\/wp-json\/wp\/v2\/media?parent=29355"}],"wp:term":[{"taxonomy":"category","embeddable":true,"href":"https:\/\/linitiative.ca\/International\/wp-json\/wp\/v2\/categories?post=29355"},{"taxonomy":"post_tag","embeddable":true,"href":"https:\/\/linitiative.ca\/International\/wp-json\/wp\/v2\/tags?post=29355"}],"curies":[{"name":"wp","href":"https:\/\/api.w.org\/{rel}","templated":true}]}}