{"id":29360,"date":"2019-04-22T13:54:41","date_gmt":"2019-04-22T17:54:41","guid":{"rendered":"https:\/\/linitiative.ca\/International\/88472-federation-algerienne-de-cyclisme-barbari-kheiredine-seul-candidat-a-la-presidence\/"},"modified":"2019-04-22T13:54:41","modified_gmt":"2019-04-22T17:54:41","slug":"88472-federation-algerienne-de-cyclisme-barbari-kheiredine-seul-candidat-a-la-presidence","status":"publish","type":"post","link":"https:\/\/linitiative.ca\/International\/88472-federation-algerienne-de-cyclisme-barbari-kheiredine-seul-candidat-a-la-presidence\/","title":{"rendered":"F\u00e9d\u00e9ration alg\u00e9rienne de cyclisme : Barbari Kheiredine, seul candidat \u00e0 la pr\u00e9sidence"},"content":{"rendered":"<div>\n<div class=\"K2FeedImage\"><img decoding=\"async\" src=\"http:\/\/www.aps.dz\/media\/k2\/items\/cache\/da531e0f52390ba448c1462bee35fbac_S.jpg\" alt=\"Barbari (a droite) seul candidat \u00e0 la pr\u00e9sidence\"><\/div>\n<div class=\"K2FeedIntroText\">\n<p>ALGER &#8211; Barbari Kheiredine, pr\u00e9sident de la Ligue de Biskra, est le seul candidat pour le poste de pr\u00e9sident de la F\u00e9d\u00e9ration alg\u00e9rienne de cyclisme (FAC) dont l&rsquo;assembl\u00e9e g\u00e9n\u00e9rale \u00e9lective (AGE) est pr\u00e9vue le 27 avril (10h00) au Complexe sportif de Ghermoul (Alger), a appris l&rsquo;APS lundi de la Commission de candidatures.<\/p>\n<\/div>\n<div class=\"K2FeedFullText\">\n<p>L&rsquo;op\u00e9ration de d\u00e9p\u00f4t des candidatures a \u00e9t\u00e9 cl\u00f4tur\u00e9e ce lundi \u00e0 15h00, alors que celle des recours entamera son travail mercredi et devra se cl\u00f4turer le lendemain (jeudi) \u00e0 14h00, avant de laisser place \u00e0 l&rsquo;affichage de la liste des candidatures.<\/p>\n<p>Contact\u00e9 par l&rsquo;APS, Barbari Kheiredine, d\u00e9j\u00e0 vice-pr\u00e9sident de l&rsquo;instance f\u00e9d\u00e9rale et pr\u00e9sident de la Ligue de Biskra, a justifi\u00e9 sa volont\u00e9 de se porter candidat \u00e0 la pr\u00e9sidence de la FAC pour \u00ab\u00a0aller de l&rsquo;avant dans le seul objectif est de redonner au cyclisme la place qui lui sied sur le plan national en premier lieu puis sur les sc\u00e8nes r\u00e9gionale et continentale et aller chercher les qualifications aux championnats du monde et les Jeux olympiques.\u00a0\u00bb.<\/p>\n<hr>\n<p><em><strong>Lire aussi:\u00a0<\/strong><\/em><a href=\"http:\/\/www.aps.dz\/sport\/88394-cyclisme-grand-prix-de-loches-l-algerien-chalel-a-la-5e-place\">Cyclisme \/ Grand-Prix de Loches : l&rsquo;Alg\u00e9rien Chalel \u00e0 la 5e place<\/a><\/p>\n<hr>\n<p>\u00ab\u00a0Comme nous sommes des membres de l&rsquo;ancien bureau, nous allons assurer la continuit\u00e9 du travail,entam\u00e9 depuis 20 mois en apportant les correctifs n\u00e9cessaires. Notre programme repose sur une priorit\u00e9 absolue en direction des ligues, leurs conditions de travail en termes de moyens et leurs actions pour la promotion de la discipline par l&rsquo;\u00e9mergence de talents, leur encadrement et l&rsquo;am\u00e9lioration des performances.\u00a0\u00bb, a-t-il expliqu\u00e9.<\/p>\n<p>Pour lui, la direction technique nationale (DTN) a \u00e9t\u00e9 le maillon faible depuis les derni\u00e8res \u00e9lections, ce qui a \u00e9norm\u00e9ment perturb\u00e9 le travail de la FAC.\u00a0\u00bbC&rsquo;est pour cette raison que l&rsquo;installation d&rsquo;un DTN sera l&rsquo;une des op\u00e9rations \u00e0 concr\u00e9tiser en premier lieu et pour laquelle tout l&rsquo;int\u00e9r\u00eat voulu sera accord\u00e9, avec la d\u00e9signation d&rsquo;un Directeur des \u00e9quipes nationales (DEN), Directeur de l&rsquo;organisation sportive (DOS), Directeur des jeunes talents sportifs (DJTS) et directeur du d\u00e9veloppement et de formation (DDF).\u00a0\u00bb.\u00a0\u00a0\u00a0\u00a0\u00a0\u00a0\u00a0\u00a0<\/p>\n<p>Le nouveau pr\u00e9sident qui sera \u00e9lu samedi prochain remplacera le pr\u00e9sident d\u00e9missionnaire, Mabrouk Kerboua, qui s&rsquo;est retir\u00e9 en novembre 2018 pour des raisons \u00ab\u00a0personnelles et de sant\u00e9\u00a0\u00bb, apr\u00e8s avoir \u00e9t\u00e9 \u00e9lu en f\u00e9vrier 2017.<\/p>\n<\/div>\n<p><img loading=\"lazy\" decoding=\"async\" src=\"http:\/\/feeds.feedburner.com\/~r\/aps-sport\/~4\/bm3xsgSJPnk\" height=\"1\" width=\"1\" alt=\"\"><\/div>\n<p>Auteur:<br \/>\n<a href=\"http:\/\/www.aps.dz\/sport\/88472-federation-algerienne-de-cyclisme-barbari-kheiredine-seul-candidat-a-la-presidence?utm_source=feedburner&#038;utm_medium=feed&#038;utm_campaign=Feed%3A+aps-sport+%28APS+-+SPORT%29\">Cliquez ici pour lire l&rsquo;article depuis sa source.<\/a><\/p>\n","protected":false},"excerpt":{"rendered":"<p>ALGER &#8211; Barbari Kheiredine, pr\u00e9sident de la Ligue de Biskra, est le seul candidat pour le poste de pr\u00e9sident de la F\u00e9d\u00e9ration alg\u00e9rienne de cyclisme (FAC) dont l&rsquo;assembl\u00e9e g\u00e9n\u00e9rale \u00e9lective (AGE) est pr\u00e9vue le 27 avril (10h00) au Complexe sportif de Ghermoul (Alger), a appris l&rsquo;APS lundi de la Commission de candidatures. L&rsquo;op\u00e9ration de d\u00e9p\u00f4t [&hellip;]<\/p>\n","protected":false},"author":1790,"featured_media":29361,"comment_status":"closed","ping_status":"closed","sticky":false,"template":"","format":"standard","meta":{"fifu_image_url":"","fifu_image_alt":"","footnotes":""},"categories":[53,75],"tags":[],"class_list":["post-29360","post","type-post","status-publish","format-standard","has-post-thumbnail","hentry","category-algerie","category-sport"],"_links":{"self":[{"href":"https:\/\/linitiative.ca\/International\/wp-json\/wp\/v2\/posts\/29360","targetHints":{"allow":["GET"]}}],"collection":[{"href":"https:\/\/linitiative.ca\/International\/wp-json\/wp\/v2\/posts"}],"about":[{"href":"https:\/\/linitiative.ca\/International\/wp-json\/wp\/v2\/types\/post"}],"author":[{"embeddable":true,"href":"https:\/\/linitiative.ca\/International\/wp-json\/wp\/v2\/users\/1790"}],"replies":[{"embeddable":true,"href":"https:\/\/linitiative.ca\/International\/wp-json\/wp\/v2\/comments?post=29360"}],"version-history":[{"count":0,"href":"https:\/\/linitiative.ca\/International\/wp-json\/wp\/v2\/posts\/29360\/revisions"}],"wp:featuredmedia":[{"embeddable":true,"href":"https:\/\/linitiative.ca\/International\/wp-json\/"}],"wp:attachment":[{"href":"https:\/\/linitiative.ca\/International\/wp-json\/wp\/v2\/media?parent=29360"}],"wp:term":[{"taxonomy":"category","embeddable":true,"href":"https:\/\/linitiative.ca\/International\/wp-json\/wp\/v2\/categories?post=29360"},{"taxonomy":"post_tag","embeddable":true,"href":"https:\/\/linitiative.ca\/International\/wp-json\/wp\/v2\/tags?post=29360"}],"curies":[{"name":"wp","href":"https:\/\/api.w.org\/{rel}","templated":true}]}}