{"id":29362,"date":"2019-04-22T13:33:00","date_gmt":"2019-04-22T17:33:00","guid":{"rendered":"https:\/\/linitiative.ca\/International\/oran-2-femmes-asphyxiees-au-monoxyde-de-carbone\/"},"modified":"2019-04-22T13:33:00","modified_gmt":"2019-04-22T17:33:00","slug":"oran-2-femmes-asphyxiees-au-monoxyde-de-carbone","status":"publish","type":"post","link":"https:\/\/linitiative.ca\/International\/oran-2-femmes-asphyxiees-au-monoxyde-de-carbone\/","title":{"rendered":"ORAN : 2 femmes asphyxi\u00e9es au monoxyde de carbone"},"content":{"rendered":"<p><br id=\"sep_para_1\" class=\"sep_para access\"\/><\/p>\n<div id=\"para_1\" class=\"para_30543248 resize\">\n<div class=\"texte access firstletter\">Deux femmes sont mortes par asphyxie au monoxyde de carbone avant-hier soir dans la localit\u00e9 de Belga\u00efd. Les victimes \u00e2g\u00e9es de 43 et 50 ans sont mortes dans un salon de coiffure suite \u00e0 l\u2019inhalation du CO2. Les services de la protection civile ont indiqu\u00e9 que cette asphyxie est due \u00e0 une fuite du gaz monoxyde de carbone d\u2019un chauffe-bain. Les d\u00e9pouilles mortelles ont \u00e9t\u00e9 d\u00e9pos\u00e9es \u00e0 la morgue de l\u2019h\u00f4pital 1er novembre. Chaque ann\u00e9e les chauffages, et chauffe bain sont responsables de plusieurs accidents. Ces erreurs se r\u00e9sument, en g\u00e9n\u00e9ral, dans la mauvaise ou le manque de ventilation, la non-conformit\u00e9 des \u00e9quipements de chauffage, le mauvais montage et mise en \u0153uvre de ces \u00e9quipements par un personnel non qualifi\u00e9. Les chauffages s\u2019ils fonctionnent mal produisent une combustion incompl\u00e8te et entra\u00eenent une \u00e9mission de monoxyde. Deux pr\u00e9cautions sont \u00e0 prendre pour \u00e9chapper \u00e0 ce danger : le mat\u00e9riel doit \u00eatre install\u00e9 et entretenu par un professionnel.\u00a0 Notons aussi que l&rsquo;asphyxie de l&rsquo;humain est une urgence m\u00e9dicale. L\u2019asphyxie m\u00e8ne rapidement \u00e0 l&rsquo;inconscience puis \u00e0 la mort.\u00a0\u00a0\u00a0\u00a0\u00a0\u00a0\u00a0\u00a0\u00a0\u00a0\u00a0\u00a0\u00a0\u00a0\u00a0\u00a0\u00a0\u00a0\u00a0\u00a0\u00a0\u00a0\u00a0\u00a0\u00a0\u00a0\u00a0\u00a0\u00a0<\/div>\n<\/div>\n<p>Auteur: Medjadji H.<br \/>\n<a href=\"https:\/\/www.reflexiondz.net\/ORAN-2-femmes-asphyxiees-au-monoxyde-de-carbone_a55500.html\">Cliquez ici pour lire l&rsquo;article depuis sa source.<\/a><\/p>\n","protected":false},"excerpt":{"rendered":"<p>Deux femmes sont mortes par asphyxie au monoxyde de carbone avant-hier soir dans la localit\u00e9 de Belga\u00efd. Les victimes \u00e2g\u00e9es de 43 et 50 ans sont mortes dans un salon de coiffure suite \u00e0 l\u2019inhalation du CO2. Les services de la protection civile ont indiqu\u00e9 que cette asphyxie est due \u00e0 une fuite du gaz [&hellip;]<\/p>\n","protected":false},"author":1740,"featured_media":0,"comment_status":"closed","ping_status":"closed","sticky":false,"template":"","format":"standard","meta":{"fifu_image_url":"","fifu_image_alt":"","footnotes":""},"categories":[53,76],"tags":[],"class_list":["post-29362","post","type-post","status-publish","format-standard","hentry","category-algerie","category-regions"],"_links":{"self":[{"href":"https:\/\/linitiative.ca\/International\/wp-json\/wp\/v2\/posts\/29362","targetHints":{"allow":["GET"]}}],"collection":[{"href":"https:\/\/linitiative.ca\/International\/wp-json\/wp\/v2\/posts"}],"about":[{"href":"https:\/\/linitiative.ca\/International\/wp-json\/wp\/v2\/types\/post"}],"author":[{"embeddable":true,"href":"https:\/\/linitiative.ca\/International\/wp-json\/wp\/v2\/users\/1740"}],"replies":[{"embeddable":true,"href":"https:\/\/linitiative.ca\/International\/wp-json\/wp\/v2\/comments?post=29362"}],"version-history":[{"count":0,"href":"https:\/\/linitiative.ca\/International\/wp-json\/wp\/v2\/posts\/29362\/revisions"}],"wp:attachment":[{"href":"https:\/\/linitiative.ca\/International\/wp-json\/wp\/v2\/media?parent=29362"}],"wp:term":[{"taxonomy":"category","embeddable":true,"href":"https:\/\/linitiative.ca\/International\/wp-json\/wp\/v2\/categories?post=29362"},{"taxonomy":"post_tag","embeddable":true,"href":"https:\/\/linitiative.ca\/International\/wp-json\/wp\/v2\/tags?post=29362"}],"curies":[{"name":"wp","href":"https:\/\/api.w.org\/{rel}","templated":true}]}}