{"id":29365,"date":"2019-04-22T13:43:00","date_gmt":"2019-04-22T17:43:00","guid":{"rendered":"https:\/\/linitiative.ca\/International\/1ere-region-militaire-a-blida-gaid-salah-en-visite-de-travail-aujourdhui\/"},"modified":"2019-04-22T13:43:00","modified_gmt":"2019-04-22T17:43:00","slug":"1ere-region-militaire-a-blida-gaid-salah-en-visite-de-travail-aujourdhui","status":"publish","type":"post","link":"https:\/\/linitiative.ca\/International\/1ere-region-militaire-a-blida-gaid-salah-en-visite-de-travail-aujourdhui\/","title":{"rendered":"1ERE REGION MILITAIRE A BLIDA : Ga\u00efd Salah en visite de travail aujourd\u2019hui"},"content":{"rendered":"<p><br id=\"sep_para_1\" class=\"sep_para access\"\/><\/p>\n<div id=\"para_1\" class=\"para_30543445 resize\">\n<div class=\"texte access firstletter\">Le G\u00e9n\u00e9ral de Corps d\u2019Arm\u00e9e Ahmed Ga\u00efd Salah, Vice-Ministre de la D\u00e9fense Nationale, Chef d\u2019Etat-Major de l\u2019Arm\u00e9e Nationale Populaire effectue aujourd\u2019hui, le 23 avril 2019, une visite de travail en 1\u00e8re R\u00e9gion Militaire \u00e0 Blida, a indiqu\u00e9 un communiqu\u00e9 du Minist\u00e8re de la d\u00e9fense nationale (MDN). \u00ab Lors de cette visite, Monsieur le G\u00e9n\u00e9ral de Corps d\u2019Arm\u00e9e supervisera un exercice tactique avec munitions r\u00e9elles, ex\u00e9cut\u00e9 par la 12\u00e8me Division d\u2019Infanterie M\u00e9canis\u00e9e, visant le contr\u00f4le de la 2e phase de la pr\u00e9paration au combat, et tiendra une r\u00e9union d\u2019orientation avec les cadres et les personnels de la 1\u00e8re R\u00e9gion Militaire \u00bb, pr\u00e9cise la m\u00eame source.\u00a0\u00a0\u00a0<\/div>\n<\/div>\n<p>Auteur: Ismain<br \/>\n<a href=\"https:\/\/www.reflexiondz.net\/1ERE-REGION-MILITAIRE-A-BLIDA-Gaid-Salah-en-visite-de-travail-aujourd-hui_a55512.html\">Cliquez ici pour lire l&rsquo;article depuis sa source.<\/a><\/p>\n","protected":false},"excerpt":{"rendered":"<p>Le G\u00e9n\u00e9ral de Corps d\u2019Arm\u00e9e Ahmed Ga\u00efd Salah, Vice-Ministre de la D\u00e9fense Nationale, Chef d\u2019Etat-Major de l\u2019Arm\u00e9e Nationale Populaire effectue aujourd\u2019hui, le 23 avril 2019, une visite de travail en 1\u00e8re R\u00e9gion Militaire \u00e0 Blida, a indiqu\u00e9 un communiqu\u00e9 du Minist\u00e8re de la d\u00e9fense nationale (MDN). \u00ab Lors de cette visite, Monsieur le G\u00e9n\u00e9ral de [&hellip;]<\/p>\n","protected":false},"author":1740,"featured_media":0,"comment_status":"closed","ping_status":"closed","sticky":false,"template":"","format":"standard","meta":{"fifu_image_url":"","fifu_image_alt":"","footnotes":""},"categories":[53,76],"tags":[],"class_list":["post-29365","post","type-post","status-publish","format-standard","hentry","category-algerie","category-regions"],"_links":{"self":[{"href":"https:\/\/linitiative.ca\/International\/wp-json\/wp\/v2\/posts\/29365","targetHints":{"allow":["GET"]}}],"collection":[{"href":"https:\/\/linitiative.ca\/International\/wp-json\/wp\/v2\/posts"}],"about":[{"href":"https:\/\/linitiative.ca\/International\/wp-json\/wp\/v2\/types\/post"}],"author":[{"embeddable":true,"href":"https:\/\/linitiative.ca\/International\/wp-json\/wp\/v2\/users\/1740"}],"replies":[{"embeddable":true,"href":"https:\/\/linitiative.ca\/International\/wp-json\/wp\/v2\/comments?post=29365"}],"version-history":[{"count":0,"href":"https:\/\/linitiative.ca\/International\/wp-json\/wp\/v2\/posts\/29365\/revisions"}],"wp:attachment":[{"href":"https:\/\/linitiative.ca\/International\/wp-json\/wp\/v2\/media?parent=29365"}],"wp:term":[{"taxonomy":"category","embeddable":true,"href":"https:\/\/linitiative.ca\/International\/wp-json\/wp\/v2\/categories?post=29365"},{"taxonomy":"post_tag","embeddable":true,"href":"https:\/\/linitiative.ca\/International\/wp-json\/wp\/v2\/tags?post=29365"}],"curies":[{"name":"wp","href":"https:\/\/api.w.org\/{rel}","templated":true}]}}