{"id":29367,"date":"2019-04-22T13:44:00","date_gmt":"2019-04-22T17:44:00","guid":{"rendered":"https:\/\/linitiative.ca\/International\/pour-le-respect-dun-etat-de-droit\/"},"modified":"2019-04-22T13:44:00","modified_gmt":"2019-04-22T17:44:00","slug":"pour-le-respect-dun-etat-de-droit","status":"publish","type":"post","link":"https:\/\/linitiative.ca\/International\/pour-le-respect-dun-etat-de-droit\/","title":{"rendered":"Pour le respect d\u2019un Etat de droit\u2026"},"content":{"rendered":"<p><br id=\"sep_para_1\" class=\"sep_para access\"\/><\/p>\n<div id=\"para_1\" class=\"para_30543456 resize\">\n<div class=\"texte access firstletter\">Afin d\u2019approfondir le processus d\u00e9mocratique et renforcer l\u2019Etat de droit, l\u2019Alg\u00e9rie a choisi d\u2019accomplir en toute souverainet\u00e9, dans la solidarit\u00e9, l\u2019union et la s\u00e9r\u00e9nit\u00e9, avec l\u2019implication de tous les citoyens fr\u00e8res, l\u2019\u2019acc\u00e9l\u00e9ration de l\u2019\u00e9v\u00e8nement dans notre pays combin\u00e9e avec le printemps rose, o\u00f9 est annonc\u00e9e une vraie r\u00e9forme politique qui se concr\u00e9tisera avec une vraie constitution et le d\u00e9part de tout un syst\u00e8me.<br \/>Depuis plus de 02 mois, le peuple Alg\u00e9rien\u00a0 marche dans la rue pour faire valoir ses droits constitutionnels, laissant derri\u00e8re lui sur son passage des images impressionnantes qui resteront grav\u00e9es pour l\u2019\u00e9ternit\u00e9 dans notre m\u00e9moire collective, montrant une solidarit\u00e9 entre citoyens de diff\u00e9rentes opinions, rassembl\u00e9s autour d\u2019un m\u00eame objectif, qui est le changement et l\u2019avenir de toute la soci\u00e9t\u00e9 alg\u00e9rienne.<br \/>Oui, une soci\u00e9t\u00e9 solidaire\u00a0 vivant dans un patrimoine commun diversifi\u00e9, culturel, traditionnel, politique, social\u2026.con\u00e7u par l\u2019ensemble des alg\u00e9riens et alg\u00e9riennes attach\u00e9s \u00e0 la promotion de leur identit\u00e9 nationale \u00e0 sa juste valeur, l\u00e9gu\u00e9e par nos pr\u00e9d\u00e9cesseurs.<br \/>L\u2019Alg\u00e9rie, grand pays de communaut\u00e9 de citoyens descendants de ch\u00e9rifiens, martyrs et moudjahid des r\u00e9volutions, a besoin d\u2019\u00eatre soud\u00e9 pour bannir toutes les in\u00e9galit\u00e9s et opter pour plus de justice sociale, relever le citoyen \u00e0 travers l\u2019Ecole et reconstruire un second Etat de droit moderne b\u00e2ti sur le socle des valeurs universelles.<br \/>Cette construction se fera\u00a0 avec l\u2019\u2019\u2019ANP\u2019\u2019 (Arm\u00e9e Nationale Populaire), \u2019 h\u00e9riti\u00e8re du bras arm\u00e9 du Front de lib\u00e9ration Nationale (FLN),\u00a0 garante de la s\u00e9curit\u00e9 et de la stabilit\u00e9 du pays. Avec ce grand mouvement du \u2018\u2019Hirak\u2019\u2019, jalon dans la conqu\u00eate de droits nouveaux, le jeune alg\u00e9rien qui \u00e9tait prisonnier dans le pass\u00e9, loin du jardin d\u2019\u00c9den fantasm\u00e9 s\u2019est impliqu\u00e9, se transformant en un acteur mobile pour contribuer pleinement \u00e0 l\u2019essor de son pays et cr\u00e9er lui-m\u00eame\u00a0 son propre paradis dans sa belle Alg\u00e9rie unique dans le monde. Peut-\u00eatre que pour lui un nouvel espoir est n\u00e9 et le temps de la \u2018\u2019Harga\u2019\u2019 \u00e0 travers la grande bleue semble r\u00e9volu, n\u2019\u00e9tant plus qu\u2019un cauchemar lointain.<br \/>Le \u2018\u2019Hirak\u2019\u2019 quant \u00e0 lui, demeure et demeurera toujours un fort message destin\u00e9 aux comp\u00e9tences nationales qui ont pour mission et devoir de conf\u00e9rer \u00e0 nos institutions, toute la cr\u00e9dibilit\u00e9 et l\u2019efficacit\u00e9 indispensables pour une prochaine R\u00e9publique plus moderne, plus juste, plus grande\u2026<\/div>\n<\/div>\n<p>Auteur: B. Adda<br \/>\n<a href=\"https:\/\/www.reflexiondz.net\/Pour-le-respect-d-un-Etat-de-droit_a55513.html\">Cliquez ici pour lire l&rsquo;article depuis sa source.<\/a><\/p>\n","protected":false},"excerpt":{"rendered":"<p>Afin d\u2019approfondir le processus d\u00e9mocratique et renforcer l\u2019Etat de droit, l\u2019Alg\u00e9rie a choisi d\u2019accomplir en toute souverainet\u00e9, dans la solidarit\u00e9, l\u2019union et la s\u00e9r\u00e9nit\u00e9, avec l\u2019implication de tous les citoyens fr\u00e8res, l\u2019\u2019acc\u00e9l\u00e9ration de l\u2019\u00e9v\u00e8nement dans notre pays combin\u00e9e avec le printemps rose, o\u00f9 est annonc\u00e9e une vraie r\u00e9forme politique qui se concr\u00e9tisera avec une vraie [&hellip;]<\/p>\n","protected":false},"author":1740,"featured_media":0,"comment_status":"closed","ping_status":"closed","sticky":false,"template":"","format":"standard","meta":{"fifu_image_url":"","fifu_image_alt":"","footnotes":""},"categories":[53,76],"tags":[],"class_list":["post-29367","post","type-post","status-publish","format-standard","hentry","category-algerie","category-regions"],"_links":{"self":[{"href":"https:\/\/linitiative.ca\/International\/wp-json\/wp\/v2\/posts\/29367","targetHints":{"allow":["GET"]}}],"collection":[{"href":"https:\/\/linitiative.ca\/International\/wp-json\/wp\/v2\/posts"}],"about":[{"href":"https:\/\/linitiative.ca\/International\/wp-json\/wp\/v2\/types\/post"}],"author":[{"embeddable":true,"href":"https:\/\/linitiative.ca\/International\/wp-json\/wp\/v2\/users\/1740"}],"replies":[{"embeddable":true,"href":"https:\/\/linitiative.ca\/International\/wp-json\/wp\/v2\/comments?post=29367"}],"version-history":[{"count":0,"href":"https:\/\/linitiative.ca\/International\/wp-json\/wp\/v2\/posts\/29367\/revisions"}],"wp:attachment":[{"href":"https:\/\/linitiative.ca\/International\/wp-json\/wp\/v2\/media?parent=29367"}],"wp:term":[{"taxonomy":"category","embeddable":true,"href":"https:\/\/linitiative.ca\/International\/wp-json\/wp\/v2\/categories?post=29367"},{"taxonomy":"post_tag","embeddable":true,"href":"https:\/\/linitiative.ca\/International\/wp-json\/wp\/v2\/tags?post=29367"}],"curies":[{"name":"wp","href":"https:\/\/api.w.org\/{rel}","templated":true}]}}