{"id":29368,"date":"2019-04-22T13:45:00","date_gmt":"2019-04-22T17:45:00","guid":{"rendered":"https:\/\/linitiative.ca\/International\/consultations-politiques-bensalah-absent\/"},"modified":"2019-04-22T13:45:00","modified_gmt":"2019-04-22T17:45:00","slug":"consultations-politiques-bensalah-absent","status":"publish","type":"post","link":"https:\/\/linitiative.ca\/International\/consultations-politiques-bensalah-absent\/","title":{"rendered":"CONSULTATIONS POLITIQUES : Bensalah absent!"},"content":{"rendered":"<p><br id=\"sep_para_1\" class=\"sep_para access\"\/><\/p>\n<div id=\"para_1\" class=\"para_30543462 resize\">\n<div class=\"texte access firstletter\">Les consultations politiques lanc\u00e9es par le Pr\u00e9sident de l\u2019Etat, Abdelkader Bensalah hier, au Centre International des Conf\u00e9rences, ont \u00e9t\u00e9\u00a0 marqu\u00e9e par la grande absence du chef de l\u2019Etat en personne qui a eu la maladresse d\u2019initier une rencontre de concertation, en vue d\u2019examiner la situation politique du pays et les moyens d\u2019assurer la transparence de l\u2019\u00e9lection pr\u00e9sidentielle, le 4 juillet prochain. A peine une quarantaine de personnes dont des universitaires et des repr\u00e9sentants de la \u00absoci\u00e9t\u00e9 civile\u00bb ont honor\u00e9 l\u2019invitation du chef de l\u2019Etat par int\u00e9rim.\u00a0 Comble du paradoxe, et signe du non s\u00e9rieux d\u2019une telle rencontre cens\u00e9e discuter de l\u2019avenir du pays, m\u00eame ce dernier n\u2019a pas jug\u00e9 utile de se pointer pour recevoir ses\u00a0 invit\u00e9s.\u00a0 C\u2019est en effet au secr\u00e9taire g\u00e9n\u00e9ral de la pr\u00e9sidence sous Bouteflika, Hebba El Okbi, qu\u2019est \u00e9chu la mission de diriger ces consultations politiques boycott\u00e9es par toute la classe politique entre partis du pouvoir et ceux de l\u2019opposition.\u00a0 En effet, seuls Belkacem Sahli de l\u2019ANR, Fillali Ghouini d\u2019Ennhada et Abdelaziz Belaid du Front El Moustakbel ont fait le d\u00e9placement au palais des nations.\u00a0 Encore qu\u2019Abdelaziz Belaid qui a sans doute constat\u00e9 sa faute politique d\u2019avoir accept\u00e9 de cautionner cette rencontre, a d\u00e9cid\u00e9 de se retirer en signe de protestation contre le huis clos des travaux.\u00a0\u00a0\u00a0\u00a0\u00a0\u00a0\u00a0<\/div>\n<\/div>\n<p>Auteur: Nadine<br \/>\n<a href=\"https:\/\/www.reflexiondz.net\/CONSULTATIONS-POLITIQUES-Bensalah-absent_a55514.html\">Cliquez ici pour lire l&rsquo;article depuis sa source.<\/a><\/p>\n","protected":false},"excerpt":{"rendered":"<p>Les consultations politiques lanc\u00e9es par le Pr\u00e9sident de l\u2019Etat, Abdelkader Bensalah hier, au Centre International des Conf\u00e9rences, ont \u00e9t\u00e9\u00a0 marqu\u00e9e par la grande absence du chef de l\u2019Etat en personne qui a eu la maladresse d\u2019initier une rencontre de concertation, en vue d\u2019examiner la situation politique du pays et les moyens d\u2019assurer la transparence de [&hellip;]<\/p>\n","protected":false},"author":1740,"featured_media":0,"comment_status":"closed","ping_status":"closed","sticky":false,"template":"","format":"standard","meta":{"fifu_image_url":"","fifu_image_alt":"","footnotes":""},"categories":[53,76],"tags":[],"class_list":["post-29368","post","type-post","status-publish","format-standard","hentry","category-algerie","category-regions"],"_links":{"self":[{"href":"https:\/\/linitiative.ca\/International\/wp-json\/wp\/v2\/posts\/29368","targetHints":{"allow":["GET"]}}],"collection":[{"href":"https:\/\/linitiative.ca\/International\/wp-json\/wp\/v2\/posts"}],"about":[{"href":"https:\/\/linitiative.ca\/International\/wp-json\/wp\/v2\/types\/post"}],"author":[{"embeddable":true,"href":"https:\/\/linitiative.ca\/International\/wp-json\/wp\/v2\/users\/1740"}],"replies":[{"embeddable":true,"href":"https:\/\/linitiative.ca\/International\/wp-json\/wp\/v2\/comments?post=29368"}],"version-history":[{"count":0,"href":"https:\/\/linitiative.ca\/International\/wp-json\/wp\/v2\/posts\/29368\/revisions"}],"wp:attachment":[{"href":"https:\/\/linitiative.ca\/International\/wp-json\/wp\/v2\/media?parent=29368"}],"wp:term":[{"taxonomy":"category","embeddable":true,"href":"https:\/\/linitiative.ca\/International\/wp-json\/wp\/v2\/categories?post=29368"},{"taxonomy":"post_tag","embeddable":true,"href":"https:\/\/linitiative.ca\/International\/wp-json\/wp\/v2\/tags?post=29368"}],"curies":[{"name":"wp","href":"https:\/\/api.w.org\/{rel}","templated":true}]}}