{"id":29369,"date":"2019-04-22T14:51:00","date_gmt":"2019-04-22T18:51:00","guid":{"rendered":"https:\/\/linitiative.ca\/International\/le-ministre-des-travaux-publics-et-des-transports-a-mostaganem-inauguration-de-la-tremie-et-du-1er-troncon-de-lautoroute-est-ouest\/"},"modified":"2019-04-22T14:51:00","modified_gmt":"2019-04-22T18:51:00","slug":"le-ministre-des-travaux-publics-et-des-transports-a-mostaganem-inauguration-de-la-tremie-et-du-1er-troncon-de-lautoroute-est-ouest","status":"publish","type":"post","link":"https:\/\/linitiative.ca\/International\/le-ministre-des-travaux-publics-et-des-transports-a-mostaganem-inauguration-de-la-tremie-et-du-1er-troncon-de-lautoroute-est-ouest\/","title":{"rendered":"LE MINISTRE DES TRAVAUX PUBLICS ET DES TRANSPORTS A MOSTAGANEM  : Inauguration de la tr\u00e9mie et du 1er tron\u00e7on de l&rsquo;autoroute Est-Ouest"},"content":{"rendered":"<p><br id=\"sep_para_1\" class=\"sep_para access\"\/><\/p>\n<div id=\"para_1\" class=\"para_30544479 resize\">\n<div class=\"photo shadow left\"><a href=\"javascript:void(0)\" rel=\"https:\/\/www.reflexiondz.net\/photo\/art\/grande\/32935789-30544479.jpg?v=1555960349&#038;ibox\" title=\"LE MINISTRE DES TRAVAUX PUBLICS ET DES TRANSPORTS A MOSTAGANEM : Inauguration de la tr\u00e9mie et du 1er tron\u00e7on de l'autoroute Est-Ouest\"><img decoding=\"async\" class=\"responsive c9\" src=\"https:\/\/www.reflexiondz.net\/photo\/art\/grande\/32935789-30544479.jpg?v=1555960349\" alt=\"LE MINISTRE DES TRAVAUX PUBLICS ET DES TRANSPORTS A MOSTAGANEM : Inauguration de la tr\u00e9mie et du 1er tron\u00e7on de l'autoroute Est-Ouest\" title=\"LE MINISTRE DES TRAVAUX PUBLICS ET DES TRANSPORTS A MOSTAGANEM : Inauguration de la tr\u00e9mie et du 1er tron\u00e7on de l'autoroute Est-Ouest\"\/><img decoding=\"async\" class=\"not-responsive\" src=\"https:\/\/www.reflexiondz.net\/photo\/art\/default\/32935789-30544479.jpg?v=1555960352\" alt=\"LE MINISTRE DES TRAVAUX PUBLICS ET DES TRANSPORTS A MOSTAGANEM : Inauguration de la tr\u00e9mie et du 1er tron\u00e7on de l'autoroute Est-Ouest\" title=\"LE MINISTRE DES TRAVAUX PUBLICS ET DES TRANSPORTS A MOSTAGANEM : Inauguration de la tr\u00e9mie et du 1er tron\u00e7on de l'autoroute Est-Ouest\"\/><\/a><\/div>\n<div class=\"texte access firstletter\">Le ministre des Travaux publics et des Transports, Kouraba Mustapha, a effectu\u00e9, hier, une visite de travail et d\u2019inspection \u00e0 certaines institutions relevant de son secteur \u00e0 Mostaganem, en t\u00eate desquels, le projet du tramway et la bretelle de l\u2019autoroute est ouest. Accompagn\u00e9 du wali de Mostaganem, monsieur Rabhi Mohamed Abdenour, le ministre, a inaugur\u00e9 la premi\u00e8re tranche de la bretelle (Sidi Adjel), qui relie Mostaganem \u00e0 l\u2019autoroute est ouest sur une distance de 15 km, en attendant l\u2019ach\u00e8vement de la deuxi\u00e8me tranche. Cet axe reliera Mostaganem \u00e0 l\u2019autoroute est-ouest sur une distance de 61 km, dont 28 km dans la wilaya de Relizane et 33 km \u00e0 Mostaganem. Outre sa visite au\u00a0projet du tramway de Mostaganem, dont il a insist\u00e9 sur la mobilisation de la main-d\u2019\u0153uvre et des \u00e9quipements pour acc\u00e9l\u00e9rer les travaux, le ministre Kouraba a inaugur\u00e9 la tr\u00e9mie routi\u00e8re d\u2019une distance de 400 m, situ\u00e9e non loin de la gare urbaine du transport des voyageurs \u00e0 Debdeba, qui va permettre \u00e0 am\u00e9liorer les\u00a0<em><strong>flux de la circulation<\/strong><\/em>.\u00a0<br \/>\u00a0<\/div>\n<\/div>\n<p>Auteur: R\u00e9flexion<br \/>\n<a href=\"https:\/\/www.reflexiondz.net\/LE-MINISTRE-DES-TRAVAUX-PUBLICS-ET-DES-TRANSPORTS-A-MOSTAGANEM-Inauguration-de-la-tremie-et-du-1er-troncon-de-l_a55515.html\">Cliquez ici pour lire l&rsquo;article depuis sa source.<\/a><\/p>\n","protected":false},"excerpt":{"rendered":"<p>Le ministre des Travaux publics et des Transports, Kouraba Mustapha, a effectu\u00e9, hier, une visite de travail et d\u2019inspection \u00e0 certaines institutions relevant de son secteur \u00e0 Mostaganem, en t\u00eate desquels, le projet du tramway et la bretelle de l\u2019autoroute est ouest. Accompagn\u00e9 du wali de Mostaganem, monsieur Rabhi Mohamed Abdenour, le ministre, a inaugur\u00e9 [&hellip;]<\/p>\n","protected":false},"author":1740,"featured_media":0,"comment_status":"closed","ping_status":"closed","sticky":false,"template":"","format":"standard","meta":{"fifu_image_url":"","fifu_image_alt":"","footnotes":""},"categories":[53,76],"tags":[],"class_list":["post-29369","post","type-post","status-publish","format-standard","hentry","category-algerie","category-regions"],"_links":{"self":[{"href":"https:\/\/linitiative.ca\/International\/wp-json\/wp\/v2\/posts\/29369","targetHints":{"allow":["GET"]}}],"collection":[{"href":"https:\/\/linitiative.ca\/International\/wp-json\/wp\/v2\/posts"}],"about":[{"href":"https:\/\/linitiative.ca\/International\/wp-json\/wp\/v2\/types\/post"}],"author":[{"embeddable":true,"href":"https:\/\/linitiative.ca\/International\/wp-json\/wp\/v2\/users\/1740"}],"replies":[{"embeddable":true,"href":"https:\/\/linitiative.ca\/International\/wp-json\/wp\/v2\/comments?post=29369"}],"version-history":[{"count":0,"href":"https:\/\/linitiative.ca\/International\/wp-json\/wp\/v2\/posts\/29369\/revisions"}],"wp:attachment":[{"href":"https:\/\/linitiative.ca\/International\/wp-json\/wp\/v2\/media?parent=29369"}],"wp:term":[{"taxonomy":"category","embeddable":true,"href":"https:\/\/linitiative.ca\/International\/wp-json\/wp\/v2\/categories?post=29369"},{"taxonomy":"post_tag","embeddable":true,"href":"https:\/\/linitiative.ca\/International\/wp-json\/wp\/v2\/tags?post=29369"}],"curies":[{"name":"wp","href":"https:\/\/api.w.org\/{rel}","templated":true}]}}